{"id":65966,"date":"2023-08-08T14:37:42","date_gmt":"2023-08-08T19:37:42","guid":{"rendered":"https:\/\/interaccionnoticias.com.mx\/?p=65966"},"modified":"2023-08-08T14:37:44","modified_gmt":"2023-08-08T19:37:44","slug":"tras-amenazas-se-paraliza-parcialmente-el-transporte-publico-en-chilpancingo","status":"publish","type":"post","link":"https:\/\/www.interaccionnoticias.com.mx\/?p=65966","title":{"rendered":"Tras amenazas, se paraliza parcialmente el transporte p\u00fablico en Chilpancingo"},"content":{"rendered":"\n<p><em><strong>&#8212; Tras la colocaci\u00f3n de lonas firmadas por un grupo delictivo, casi todas las rutas se inmovilizaron<br>&#8212; Seguridad P\u00fablica implementa un despliegue de seguridad, pero el temor prevalece<\/strong><\/em><\/p>\n\n\n\n<p><strong>Rogelio Agust\u00edn<\/strong><\/p>\n\n\n\n<p><strong>Chilpancingo, Gro., 8 de agosto del 2023.- <\/strong>Tras la aparici\u00f3n de lonas con mensajes en los que se anuncia un eventual incremento de la violencia, la ma\u00f1ana del martes 8 de agosto el transporte p\u00fablico se paraliz\u00f3 en casi todas las rutas internas, lo que gener\u00f3 un grave problema para la movilidad de miles de trabajadores y amas de casa.<\/p>\n\n\n\n<p>El primer impacto que sufri\u00f3 el gremio transportista se registr\u00f3 la ma\u00f1ana del lunes 7, en la base de urvans de la colonia Los Angeles, donde cuatro personas fueron asesinadas.<\/p>\n\n\n\n<p>A partir del atentado, registrado a las 08:00 horas, la circulaci\u00f3n de unidades del servicio p\u00fablico disminuy\u00f3 considerablemente, pero todav\u00eda se permit\u00eda la movilidad de los habitantes de las colonias populares.<\/p>\n\n\n\n<p>La noche del lunes, se colocaron un par de lonas en dos puentes ubicados en la salida norte de la ciudad, entre las colonias Tatagildo y L\u00e1zaro C\u00e1rdenas.<\/p>\n\n\n\n<p>Dichas lonas estaban firmadas por \u201cLa Federaci\u00f3n\u201d o \u201cLos Tlacos\u201d, en los que se\u00f1alan que esperaron a que las autoridades expulsaran a \u201cLos Ardillos\u201d de la capital del estado, pero reprochan el que no haya ocurrido y por lo tanto, anticipan que ellos van a comenzar a actuar.<\/p>\n\n\n\n<p>\u201cPor cada carro que nos quemen ser\u00e1n 10 de ustedes\u201d, se\u00f1alan las lonas, que rapidamente fueron retiradas por las autoridades.<\/p>\n\n\n\n<p>Sin embargo, el mensaje ya estaba lanzado y las fotograf\u00edas que se captaron de dichas lonas, rapidamente comenzaron a viralizarse en redes sociales y plataformas digitales de diferentes medios de comunicaci\u00f3n.<\/p>\n\n\n\n<p>El des\u00e1nimo generado en el gremio transportista, propici\u00f3 una reuni\u00f3n entre los dirigentes de las organizaciones m\u00e1s importantes con funcionarios de la Comisi\u00f3n T\u00e9cnica de Transporte y Vialidad, la Secretar\u00eda General de Gobierno y la Secretar\u00eda de Seguridad P\u00fablica (SSP).<\/p>\n\n\n\n<p>De esa primera charla, surgi\u00f3 la propuesta de que este martes 8, el transporte publico operara al 20 por ciento de su capacidad, en tanto que los cuerpos de seguridad realizar\u00edan un despliegue para inhibir la actuaci\u00f3n de los grupos delictivos que se disputan la capital.<\/p>\n\n\n\n<p>Para la ma\u00f1ana del martes fueron muy pocas las unidades que salieron a circular, particularmente las que abarcan rutas que no se han visto afectadas por los ataques de las \u00faltimas semanas.<\/p>\n\n\n\n<p>De lado sur, rumbo a la comunidad de Petaquillas y en el sector oriente, donde se registr\u00f3 el ataque del lunes, la ausencia del transporte fue casi total.<\/p>\n\n\n\n<p>La necesidad de llegar a sus centros de trabajo, propici\u00f3 que cientos de personas caminaran para evitar perder el d\u00eda.<\/p>\n\n\n\n<p>La secci\u00f3n XIV del Sindicato Independiente, que aglutina a trabajadores del Ayuntamiento capitalino, determin\u00f3 aurorizar a sus agremiados a no presentarse a laborar, tomando en cuenta el problema que representa la ausencia de unidades para garantizar su traslado.<\/p>\n\n\n\n<p>La Secretar\u00eda de Seguridad P\u00fablica Municipal (SSPM) inform\u00f3 de la implementaci\u00f3n de recorridos de vigilancia, principalmente en algunas paradas de transporte.<\/p>\n\n\n\n<p>Hasta pasado el mediod\u00eda, la afluencia de unidades del servicio p\u00fablico era m\u00ednima, la ciudad enfrentaba un severo problema para garantizar la movilidad de sus habitantes.<\/p>\n\n\n\n<p>Los que s\u00ed est\u00e1n en circulaci\u00f3n son los taxis, pero los choferes incrementaron de manera desproporcionada las tarifas a los usuarios, lo que ha generado una gran cantidad de quejas.<\/p>\n\n\n\n<div class=\"wp-block-jetpack-slideshow aligncenter\" data-effect=\"slide\"><div class=\"wp-block-jetpack-slideshow_container swiper-container\"><ul class=\"wp-block-jetpack-slideshow_swiper-wrapper swiper-wrapper\"><li class=\"wp-block-jetpack-slideshow_slide swiper-slide\"><figure><img decoding=\"async\" src=\"data:image\/gif;base64,R0lGODlhAQABAIAAAAAAAP\/\/\/ywAAAAAAQABAAACAUwAOw==\" fifu-lazy=\"1\" fifu-data-sizes=\"auto\" fifu-data-srcset=\"https:\/\/i2.wp.com\/interaccionnoticias.com.mx\/wp-content\/uploads\/2023\/08\/230807-transporte-publico-3-1024x683.jpg?ssl=1&w=75&resize=75&ssl=1 75w, https:\/\/i2.wp.com\/interaccionnoticias.com.mx\/wp-content\/uploads\/2023\/08\/230807-transporte-publico-3-1024x683.jpg?ssl=1&w=100&resize=100&ssl=1 100w, https:\/\/i2.wp.com\/interaccionnoticias.com.mx\/wp-content\/uploads\/2023\/08\/230807-transporte-publico-3-1024x683.jpg?ssl=1&w=150&resize=150&ssl=1 150w, https:\/\/i2.wp.com\/interaccionnoticias.com.mx\/wp-content\/uploads\/2023\/08\/230807-transporte-publico-3-1024x683.jpg?ssl=1&w=240&resize=240&ssl=1 240w, https:\/\/i2.wp.com\/interaccionnoticias.com.mx\/wp-content\/uploads\/2023\/08\/230807-transporte-publico-3-1024x683.jpg?ssl=1&w=320&resize=320&ssl=1 320w, https:\/\/i2.wp.com\/interaccionnoticias.com.mx\/wp-content\/uploads\/2023\/08\/230807-transporte-publico-3-1024x683.jpg?ssl=1&w=500&resize=500&ssl=1 500w, https:\/\/i2.wp.com\/interaccionnoticias.com.mx\/wp-content\/uploads\/2023\/08\/230807-transporte-publico-3-1024x683.jpg?ssl=1&w=640&resize=640&ssl=1 640w, https:\/\/i2.wp.com\/interaccionnoticias.com.mx\/wp-content\/uploads\/2023\/08\/230807-transporte-publico-3-1024x683.jpg?ssl=1&w=800&resize=800&ssl=1 800w, https:\/\/i2.wp.com\/interaccionnoticias.com.mx\/wp-content\/uploads\/2023\/08\/230807-transporte-publico-3-1024x683.jpg?ssl=1&w=1024&resize=1024&ssl=1 1024w, https:\/\/i2.wp.com\/interaccionnoticias.com.mx\/wp-content\/uploads\/2023\/08\/230807-transporte-publico-3-1024x683.jpg?ssl=1&w=1280&resize=1280&ssl=1 1280w, https:\/\/i2.wp.com\/interaccionnoticias.com.mx\/wp-content\/uploads\/2023\/08\/230807-transporte-publico-3-1024x683.jpg?ssl=1&w=1600&resize=1600&ssl=1 1600w\" alt=\"\" class=\"wp-block-jetpack-slideshow_image wp-image-65970\" data-id=\"65970\" fifu-data-src=\"https:\/\/i2.wp.com\/interaccionnoticias.com.mx\/wp-content\/uploads\/2023\/08\/230807-transporte-publico-3-1024x683.jpg?ssl=1\"\/><\/figure><\/li><li class=\"wp-block-jetpack-slideshow_slide swiper-slide\"><figure><img decoding=\"async\" src=\"data:image\/gif;base64,R0lGODlhAQABAIAAAAAAAP\/\/\/ywAAAAAAQABAAACAUwAOw==\" fifu-lazy=\"1\" fifu-data-sizes=\"auto\" fifu-data-srcset=\"https:\/\/i2.wp.com\/interaccionnoticias.com.mx\/wp-content\/uploads\/2023\/08\/230807-transporte-publico-4-1024x683.jpg?ssl=1&w=75&resize=75&ssl=1 75w, https:\/\/i2.wp.com\/interaccionnoticias.com.mx\/wp-content\/uploads\/2023\/08\/230807-transporte-publico-4-1024x683.jpg?ssl=1&w=100&resize=100&ssl=1 100w, https:\/\/i2.wp.com\/interaccionnoticias.com.mx\/wp-content\/uploads\/2023\/08\/230807-transporte-publico-4-1024x683.jpg?ssl=1&w=150&resize=150&ssl=1 150w, https:\/\/i2.wp.com\/interaccionnoticias.com.mx\/wp-content\/uploads\/2023\/08\/230807-transporte-publico-4-1024x683.jpg?ssl=1&w=240&resize=240&ssl=1 240w, https:\/\/i2.wp.com\/interaccionnoticias.com.mx\/wp-content\/uploads\/2023\/08\/230807-transporte-publico-4-1024x683.jpg?ssl=1&w=320&resize=320&ssl=1 320w, https:\/\/i2.wp.com\/interaccionnoticias.com.mx\/wp-content\/uploads\/2023\/08\/230807-transporte-publico-4-1024x683.jpg?ssl=1&w=500&resize=500&ssl=1 500w, https:\/\/i2.wp.com\/interaccionnoticias.com.mx\/wp-content\/uploads\/2023\/08\/230807-transporte-publico-4-1024x683.jpg?ssl=1&w=640&resize=640&ssl=1 640w, https:\/\/i2.wp.com\/interaccionnoticias.com.mx\/wp-content\/uploads\/2023\/08\/230807-transporte-publico-4-1024x683.jpg?ssl=1&w=800&resize=800&ssl=1 800w, https:\/\/i2.wp.com\/interaccionnoticias.com.mx\/wp-content\/uploads\/2023\/08\/230807-transporte-publico-4-1024x683.jpg?ssl=1&w=1024&resize=1024&ssl=1 1024w, https:\/\/i2.wp.com\/interaccionnoticias.com.mx\/wp-content\/uploads\/2023\/08\/230807-transporte-publico-4-1024x683.jpg?ssl=1&w=1280&resize=1280&ssl=1 1280w, https:\/\/i2.wp.com\/interaccionnoticias.com.mx\/wp-content\/uploads\/2023\/08\/230807-transporte-publico-4-1024x683.jpg?ssl=1&w=1600&resize=1600&ssl=1 1600w\" alt=\"\" class=\"wp-block-jetpack-slideshow_image wp-image-65967\" data-id=\"65967\" fifu-data-src=\"https:\/\/i2.wp.com\/interaccionnoticias.com.mx\/wp-content\/uploads\/2023\/08\/230807-transporte-publico-4-1024x683.jpg?ssl=1\"\/><\/figure><\/li><li class=\"wp-block-jetpack-slideshow_slide swiper-slide\"><figure><img decoding=\"async\" src=\"data:image\/gif;base64,R0lGODlhAQABAIAAAAAAAP\/\/\/ywAAAAAAQABAAACAUwAOw==\" fifu-lazy=\"1\" fifu-data-sizes=\"auto\" fifu-data-srcset=\"https:\/\/i0.wp.com\/interaccionnoticias.com.mx\/wp-content\/uploads\/2023\/08\/230807-transporte-publico-2-1024x683.jpg?ssl=1&w=75&resize=75&ssl=1 75w, https:\/\/i0.wp.com\/interaccionnoticias.com.mx\/wp-content\/uploads\/2023\/08\/230807-transporte-publico-2-1024x683.jpg?ssl=1&w=100&resize=100&ssl=1 100w, https:\/\/i0.wp.com\/interaccionnoticias.com.mx\/wp-content\/uploads\/2023\/08\/230807-transporte-publico-2-1024x683.jpg?ssl=1&w=150&resize=150&ssl=1 150w, https:\/\/i0.wp.com\/interaccionnoticias.com.mx\/wp-content\/uploads\/2023\/08\/230807-transporte-publico-2-1024x683.jpg?ssl=1&w=240&resize=240&ssl=1 240w, https:\/\/i0.wp.com\/interaccionnoticias.com.mx\/wp-content\/uploads\/2023\/08\/230807-transporte-publico-2-1024x683.jpg?ssl=1&w=320&resize=320&ssl=1 320w, https:\/\/i0.wp.com\/interaccionnoticias.com.mx\/wp-content\/uploads\/2023\/08\/230807-transporte-publico-2-1024x683.jpg?ssl=1&w=500&resize=500&ssl=1 500w, https:\/\/i0.wp.com\/interaccionnoticias.com.mx\/wp-content\/uploads\/2023\/08\/230807-transporte-publico-2-1024x683.jpg?ssl=1&w=640&resize=640&ssl=1 640w, https:\/\/i0.wp.com\/interaccionnoticias.com.mx\/wp-content\/uploads\/2023\/08\/230807-transporte-publico-2-1024x683.jpg?ssl=1&w=800&resize=800&ssl=1 800w, https:\/\/i0.wp.com\/interaccionnoticias.com.mx\/wp-content\/uploads\/2023\/08\/230807-transporte-publico-2-1024x683.jpg?ssl=1&w=1024&resize=1024&ssl=1 1024w, https:\/\/i0.wp.com\/interaccionnoticias.com.mx\/wp-content\/uploads\/2023\/08\/230807-transporte-publico-2-1024x683.jpg?ssl=1&w=1280&resize=1280&ssl=1 1280w, https:\/\/i0.wp.com\/interaccionnoticias.com.mx\/wp-content\/uploads\/2023\/08\/230807-transporte-publico-2-1024x683.jpg?ssl=1&w=1600&resize=1600&ssl=1 1600w\" alt=\"\" class=\"wp-block-jetpack-slideshow_image wp-image-65969\" data-id=\"65969\" fifu-data-src=\"https:\/\/i0.wp.com\/interaccionnoticias.com.mx\/wp-content\/uploads\/2023\/08\/230807-transporte-publico-2-1024x683.jpg?ssl=1\"\/><\/figure><\/li><li class=\"wp-block-jetpack-slideshow_slide swiper-slide\"><figure><img decoding=\"async\" src=\"data:image\/gif;base64,R0lGODlhAQABAIAAAAAAAP\/\/\/ywAAAAAAQABAAACAUwAOw==\" fifu-lazy=\"1\" fifu-data-sizes=\"auto\" fifu-data-srcset=\"https:\/\/i3.wp.com\/interaccionnoticias.com.mx\/wp-content\/uploads\/2023\/08\/230807-transporte-publico-1-1024x683.jpg?ssl=1&w=75&resize=75&ssl=1 75w, https:\/\/i3.wp.com\/interaccionnoticias.com.mx\/wp-content\/uploads\/2023\/08\/230807-transporte-publico-1-1024x683.jpg?ssl=1&w=100&resize=100&ssl=1 100w, https:\/\/i3.wp.com\/interaccionnoticias.com.mx\/wp-content\/uploads\/2023\/08\/230807-transporte-publico-1-1024x683.jpg?ssl=1&w=150&resize=150&ssl=1 150w, https:\/\/i3.wp.com\/interaccionnoticias.com.mx\/wp-content\/uploads\/2023\/08\/230807-transporte-publico-1-1024x683.jpg?ssl=1&w=240&resize=240&ssl=1 240w, https:\/\/i3.wp.com\/interaccionnoticias.com.mx\/wp-content\/uploads\/2023\/08\/230807-transporte-publico-1-1024x683.jpg?ssl=1&w=320&resize=320&ssl=1 320w, https:\/\/i3.wp.com\/interaccionnoticias.com.mx\/wp-content\/uploads\/2023\/08\/230807-transporte-publico-1-1024x683.jpg?ssl=1&w=500&resize=500&ssl=1 500w, https:\/\/i3.wp.com\/interaccionnoticias.com.mx\/wp-content\/uploads\/2023\/08\/230807-transporte-publico-1-1024x683.jpg?ssl=1&w=640&resize=640&ssl=1 640w, https:\/\/i3.wp.com\/interaccionnoticias.com.mx\/wp-content\/uploads\/2023\/08\/230807-transporte-publico-1-1024x683.jpg?ssl=1&w=800&resize=800&ssl=1 800w, https:\/\/i3.wp.com\/interaccionnoticias.com.mx\/wp-content\/uploads\/2023\/08\/230807-transporte-publico-1-1024x683.jpg?ssl=1&w=1024&resize=1024&ssl=1 1024w, https:\/\/i3.wp.com\/interaccionnoticias.com.mx\/wp-content\/uploads\/2023\/08\/230807-transporte-publico-1-1024x683.jpg?ssl=1&w=1280&resize=1280&ssl=1 1280w, https:\/\/i3.wp.com\/interaccionnoticias.com.mx\/wp-content\/uploads\/2023\/08\/230807-transporte-publico-1-1024x683.jpg?ssl=1&w=1600&resize=1600&ssl=1 1600w\" alt=\"\" class=\"wp-block-jetpack-slideshow_image wp-image-65968\" data-id=\"65968\" fifu-data-src=\"https:\/\/i3.wp.com\/interaccionnoticias.com.mx\/wp-content\/uploads\/2023\/08\/230807-transporte-publico-1-1024x683.jpg?ssl=1\"\/><\/figure><\/li><\/ul><a class=\"wp-block-jetpack-slideshow_button-prev swiper-button-prev swiper-button-white\" role=\"button\"><\/a><a class=\"wp-block-jetpack-slideshow_button-next swiper-button-next swiper-button-white\" role=\"button\"><\/a><a aria-label=\"Pause Slideshow\" class=\"wp-block-jetpack-slideshow_button-pause\" role=\"button\"><\/a><div class=\"wp-block-jetpack-slideshow_pagination swiper-pagination swiper-pagination-white\"><\/div><\/div><\/div>\n","protected":false},"excerpt":{"rendered":"<p>&#8212; Tras la colocaci\u00f3n de lonas firmadas por un grupo delictivo, casi todas las rutas se inmovilizaron&#8212; Seguridad P\u00fablica implementa un despliegue de seguridad, pero el temor prevalece Rogelio Agust\u00edn&hellip; <\/p>\n","protected":false},"author":21,"featured_media":65969,"comment_status":"open","ping_status":"open","sticky":false,"template":"","format":"standard","meta":{"fifu_image_url":"","fifu_image_alt":"","footnotes":""},"categories":[13],"tags":[],"class_list":["post-65966","post","type-post","status-publish","format-standard","has-post-thumbnail","hentry","category-capital"],"_links":{"self":[{"href":"https:\/\/www.interaccionnoticias.com.mx\/index.php?rest_route=\/wp\/v2\/posts\/65966","targetHints":{"allow":["GET"]}}],"collection":[{"href":"https:\/\/www.interaccionnoticias.com.mx\/index.php?rest_route=\/wp\/v2\/posts"}],"about":[{"href":"https:\/\/www.interaccionnoticias.com.mx\/index.php?rest_route=\/wp\/v2\/types\/post"}],"author":[{"embeddable":true,"href":"https:\/\/www.interaccionnoticias.com.mx\/index.php?rest_route=\/wp\/v2\/users\/21"}],"replies":[{"embeddable":true,"href":"https:\/\/www.interaccionnoticias.com.mx\/index.php?rest_route=%2Fwp%2Fv2%2Fcomments&post=65966"}],"version-history":[{"count":1,"href":"https:\/\/www.interaccionnoticias.com.mx\/index.php?rest_route=\/wp\/v2\/posts\/65966\/revisions"}],"predecessor-version":[{"id":65971,"href":"https:\/\/www.interaccionnoticias.com.mx\/index.php?rest_route=\/wp\/v2\/posts\/65966\/revisions\/65971"}],"wp:featuredmedia":[{"embeddable":true,"href":"https:\/\/www.interaccionnoticias.com.mx\/index.php?rest_route=\/wp\/v2\/media\/65969"}],"wp:attachment":[{"href":"https:\/\/www.interaccionnoticias.com.mx\/index.php?rest_route=%2Fwp%2Fv2%2Fmedia&parent=65966"}],"wp:term":[{"taxonomy":"category","embeddable":true,"href":"https:\/\/www.interaccionnoticias.com.mx\/index.php?rest_route=%2Fwp%2Fv2%2Fcategories&post=65966"},{"taxonomy":"post_tag","embeddable":true,"href":"https:\/\/www.interaccionnoticias.com.mx\/index.php?rest_route=%2Fwp%2Fv2%2Ftags&post=65966"}],"curies":[{"name":"wp","href":"https:\/\/api.w.org\/{rel}","templated":true}]}}