{"id":65963,"date":"2023-08-08T14:32:22","date_gmt":"2023-08-08T19:32:22","guid":{"rendered":"https:\/\/interaccionnoticias.com.mx\/?p=65963"},"modified":"2023-08-08T14:32:25","modified_gmt":"2023-08-08T19:32:25","slug":"bloquen-la-costera-trabajadores-del-issste","status":"publish","type":"post","link":"https:\/\/www.interaccionnoticias.com.mx\/?p=65963","title":{"rendered":"Bloquen la costera trabajadores del ISSSTE"},"content":{"rendered":"\n<p><em><strong>Exigen el pago de siete quincenas que se les adeudan<\/strong><\/em><\/p>\n\n\n\n<p><strong>Javier Trujillo<\/strong><\/p>\n\n\n\n<p><strong>Acapulco, Gro.-<\/strong> M\u00e1s de un centenar de trabajadores del hospital general del ISSSTE, entre ellos de enfermer\u00eda, medicina general, lavander\u00eda y administrativos se manifiestan bloqueando la costera Miguel Alem\u00e1n, en el puerto de Acapulco.<\/p>\n\n\n\n<p>\u201cVenimos a exigir que cumplan nuestros pagos que tienen pendiente y sobre todo que valoren nuestra profesi\u00f3n ya que han sido hasta siete quincenas que no se han pagado.<\/p>\n\n\n\n<p>\u201cSon m\u00e1s de seis meses que tienen con el adeudo y la verdad pues francamente exigimos lo justo que cumplan y que sean honestos en la fecha de pago desafortunadamente tenemos familia pues nosotros no podemos vivir as\u00ed\u201d, reproch\u00f3 el m\u00e9dico, Jos\u00e9 Valent\u00edn Ocampo.<\/p>\n\n\n\n<p>As\u00ed luego de m\u00e1s de tres horas de mantener bloqueada un tramo de la costera Miguel Alem\u00e1n, los trabajadores eventuales e inconformes del ISSSTE, acordonaron que ser\u00eda liberado el sentido Caleta-Base de la franja tur\u00edstica.<\/p>\n\n\n\n<p>De acuerdo con los quejosos, una comisi\u00f3n ingres\u00f3 a las oficinas administrativas del ISSSTE, ubicadas en el Centro de Convenciones Copacabana, y acordaron una reuni\u00f3n con el delegado del instituto Francisco Javier Larequi Radilla.<\/p>\n\n\n\n<p>Tras lo anterior se levant\u00f3 casi al mediod\u00eda el bloqueo de un tramo de la costera en este destino tur\u00edstico.<\/p>\n","protected":false},"excerpt":{"rendered":"<p>Exigen el pago de siete quincenas que se les adeudan Javier Trujillo Acapulco, Gro.- M\u00e1s de un centenar de trabajadores del hospital general del ISSSTE, entre ellos de enfermer\u00eda, medicina&hellip; <\/p>\n","protected":false},"author":3,"featured_media":65964,"comment_status":"open","ping_status":"open","sticky":false,"template":"","format":"standard","meta":{"fifu_image_url":"","fifu_image_alt":"","footnotes":""},"categories":[26],"tags":[],"class_list":["post-65963","post","type-post","status-publish","format-standard","has-post-thumbnail","hentry","category-salud"],"_links":{"self":[{"href":"https:\/\/www.interaccionnoticias.com.mx\/index.php?rest_route=\/wp\/v2\/posts\/65963","targetHints":{"allow":["GET"]}}],"collection":[{"href":"https:\/\/www.interaccionnoticias.com.mx\/index.php?rest_route=\/wp\/v2\/posts"}],"about":[{"href":"https:\/\/www.interaccionnoticias.com.mx\/index.php?rest_route=\/wp\/v2\/types\/post"}],"author":[{"embeddable":true,"href":"https:\/\/www.interaccionnoticias.com.mx\/index.php?rest_route=\/wp\/v2\/users\/3"}],"replies":[{"embeddable":true,"href":"https:\/\/www.interaccionnoticias.com.mx\/index.php?rest_route=%2Fwp%2Fv2%2Fcomments&post=65963"}],"version-history":[{"count":1,"href":"https:\/\/www.interaccionnoticias.com.mx\/index.php?rest_route=\/wp\/v2\/posts\/65963\/revisions"}],"predecessor-version":[{"id":65965,"href":"https:\/\/www.interaccionnoticias.com.mx\/index.php?rest_route=\/wp\/v2\/posts\/65963\/revisions\/65965"}],"wp:featuredmedia":[{"embeddable":true,"href":"https:\/\/www.interaccionnoticias.com.mx\/index.php?rest_route=\/wp\/v2\/media\/65964"}],"wp:attachment":[{"href":"https:\/\/www.interaccionnoticias.com.mx\/index.php?rest_route=%2Fwp%2Fv2%2Fmedia&parent=65963"}],"wp:term":[{"taxonomy":"category","embeddable":true,"href":"https:\/\/www.interaccionnoticias.com.mx\/index.php?rest_route=%2Fwp%2Fv2%2Fcategories&post=65963"},{"taxonomy":"post_tag","embeddable":true,"href":"https:\/\/www.interaccionnoticias.com.mx\/index.php?rest_route=%2Fwp%2Fv2%2Ftags&post=65963"}],"curies":[{"name":"wp","href":"https:\/\/api.w.org\/{rel}","templated":true}]}}