{"id":65952,"date":"2023-08-07T20:41:40","date_gmt":"2023-08-08T01:41:40","guid":{"rendered":"https:\/\/interaccionnoticias.com.mx\/?p=65952"},"modified":"2023-08-07T20:41:42","modified_gmt":"2023-08-08T01:41:42","slug":"era-promesa-en-el-boxeo-uno-de-los-choferes-asesinados-en-chilpancingo","status":"publish","type":"post","link":"https:\/\/www.interaccionnoticias.com.mx\/?p=65952","title":{"rendered":"Era promesa en el boxeo, uno de los choferes asesinados en Chilpancingo"},"content":{"rendered":"\n<p><strong><em>&#8212; Jhon Alexander Flores Garc\u00eda, hab\u00eda dejado de entrenar para apoyar econ\u00f3micamente a sus padres<br>&#8212; El atleta fue campe\u00f3n estatal y represent\u00f3 a Guerrero en los juegos Nacionales 2021<\/em><\/strong><\/p>\n\n\n\n<p><strong>Yasm\u00edn Garc\u00eda Chino<\/strong><\/p>\n\n\n\n<p>Chilpancingo, Gro., a 7 de agosto 2023.- La Asociaci\u00f3n de Boxeo del Estado de Guerrero (ABGro) lament\u00f3 el asesinato del joven boxeador Jhon Alexander Flores Garc\u00eda, una de las victimas mortales del ataque registrado en la base de urvan de la ruta Los \u00c1ngeles-Mercado, en el antiguo libramiento a Tixtla.<\/p>\n\n\n\n<p>El atleta de 19 a\u00f1os de edad, fue un destacado boxeador ol\u00edmpico, pues represent\u00f3 al estado de Guerrero en los juegos nacionales 2021, obtuvo medalla plata fuego y fue campe\u00f3n estatal en el a\u00f1o 2022.<\/p>\n\n\n\n<p>Jhon Alexander trabajaba como chofer de una de las unidades de la ruta atacada, hab\u00eda dejado de entrenar recientemente para ayudar econ\u00f3micamente a su familia.<\/p>\n\n\n\n<p>La mesa directiva de ABGro se uni\u00f3 a la pena que embarga a la familia del joven campe\u00f3n estatal y dese\u00f3 pronta resignaci\u00f3n y fortaleza para sus familiares y amigos, por la irreparable p\u00e9rdida.<\/p>\n\n\n\n<p>Era una promesa para el boxeo de Guerrero y del pa\u00eds, se puede leer en las redes sociales que difundieron su imagen, tras ser identificado como una de las v\u00edctimas mortales de la ma\u00f1ana del lunes.<\/p>\n","protected":false},"excerpt":{"rendered":"<p>&#8212; Jhon Alexander Flores Garc\u00eda, hab\u00eda dejado de entrenar para apoyar econ\u00f3micamente a sus padres&#8212; El atleta fue campe\u00f3n estatal y represent\u00f3 a Guerrero en los juegos Nacionales 2021 Yasm\u00edn&hellip; <\/p>\n","protected":false},"author":32,"featured_media":65953,"comment_status":"open","ping_status":"open","sticky":false,"template":"","format":"standard","meta":{"fifu_image_url":"","fifu_image_alt":"","footnotes":""},"categories":[29],"tags":[],"class_list":["post-65952","post","type-post","status-publish","format-standard","has-post-thumbnail","hentry","category-sociedad"],"_links":{"self":[{"href":"https:\/\/www.interaccionnoticias.com.mx\/index.php?rest_route=\/wp\/v2\/posts\/65952","targetHints":{"allow":["GET"]}}],"collection":[{"href":"https:\/\/www.interaccionnoticias.com.mx\/index.php?rest_route=\/wp\/v2\/posts"}],"about":[{"href":"https:\/\/www.interaccionnoticias.com.mx\/index.php?rest_route=\/wp\/v2\/types\/post"}],"author":[{"embeddable":true,"href":"https:\/\/www.interaccionnoticias.com.mx\/index.php?rest_route=\/wp\/v2\/users\/32"}],"replies":[{"embeddable":true,"href":"https:\/\/www.interaccionnoticias.com.mx\/index.php?rest_route=%2Fwp%2Fv2%2Fcomments&post=65952"}],"version-history":[{"count":1,"href":"https:\/\/www.interaccionnoticias.com.mx\/index.php?rest_route=\/wp\/v2\/posts\/65952\/revisions"}],"predecessor-version":[{"id":65954,"href":"https:\/\/www.interaccionnoticias.com.mx\/index.php?rest_route=\/wp\/v2\/posts\/65952\/revisions\/65954"}],"wp:featuredmedia":[{"embeddable":true,"href":"https:\/\/www.interaccionnoticias.com.mx\/index.php?rest_route=\/wp\/v2\/media\/65953"}],"wp:attachment":[{"href":"https:\/\/www.interaccionnoticias.com.mx\/index.php?rest_route=%2Fwp%2Fv2%2Fmedia&parent=65952"}],"wp:term":[{"taxonomy":"category","embeddable":true,"href":"https:\/\/www.interaccionnoticias.com.mx\/index.php?rest_route=%2Fwp%2Fv2%2Fcategories&post=65952"},{"taxonomy":"post_tag","embeddable":true,"href":"https:\/\/www.interaccionnoticias.com.mx\/index.php?rest_route=%2Fwp%2Fv2%2Ftags&post=65952"}],"curies":[{"name":"wp","href":"https:\/\/api.w.org\/{rel}","templated":true}]}}