{"id":65933,"date":"2023-08-07T19:07:09","date_gmt":"2023-08-08T00:07:09","guid":{"rendered":"https:\/\/interaccionnoticias.com.mx\/?p=65933"},"modified":"2023-08-07T19:07:11","modified_gmt":"2023-08-08T00:07:11","slug":"la-violencia-contra-transportistas-se-ha-padecido-en-chilpancingo-desde-hace-15-anos-norma-otilia-hernandez","status":"publish","type":"post","link":"https:\/\/www.interaccionnoticias.com.mx\/?p=65933","title":{"rendered":"La violencia contra transportistas, se ha padecido en Chilpancingo desde hace 15 a\u00f1os: Norma Otilia Hern\u00e1ndez"},"content":{"rendered":"\n<p><strong>Rosario Garc\u00eda Orozco<\/strong><\/p>\n\n\n\n<p><strong>Chilpancingo, Gro., 7 de agosto del 2023.-<\/strong> La presidenta municipal de Chilpancingo, Norma Otilia Hern\u00e1ndez Mart\u00ednez declar\u00f3 que la violencia contra los transportistas no es reciente, y que se ha padecido en esta capital desde hace 15 a\u00f1os.<\/p>\n\n\n\n<p>En la conferencia ma\u00f1anera municipal, el reportero Zacar\u00edas Cervantes pregunt\u00f3 a la presidencia municipal de esta capital \u00bfqu\u00e9 est\u00e1 pasando en Chilpancingo?, porque desde hace 35 a\u00f1os que es reportero no se hab\u00eda visto una inseguridad en este nivel, a lo que la mun\u00edcipe respondi\u00f3; \u00abestos hechos han estado sucediendo desde hace muchos a\u00f1os, yo lo recuerdo porque era activista en un grupo de transportistas hace m\u00e1s de 15 a\u00f1os\u00bb, y que las actividades que realizaba ten\u00edan que ver con la exigencia de seguridad para los transportistas,<\/p>\n\n\n\n<p>\u00abA nosotros nos toca como instancia municipal el asunto preventivo, y evitar que los conflictos sociales no se vuelvan delitos del fuero com\u00fan, y que esos delitos del fuero com\u00fan no se vuelvan delitos de la delincuencia organizada, por eso estamos centrados en poder hacer pol\u00edticas p\u00fablicas claras, no s\u00f3lo poner muchos polic\u00edas, sino fortalecer las instituciones\u00bb, dijo la alcaldesa capitalina.<\/p>\n\n\n\n<p>Hern\u00e1ndez Mart\u00ednez asegur\u00f3 en su acostumbrada conferencia de cada lunes, que antes del 2018 no hab\u00eda una coordinaci\u00f3n con los tres niveles de gobierno para el tema de seguridad, \u00abHoy hay una mesa de Coordinaci\u00f3n que se centra y trabaja\u00bb, y acept\u00f3 que en ocasiones hay desencuentros, \u00abpero sobre todo soluciones\u00bb.<\/p>\n\n\n\n<p>La primer edil del municipio lament\u00f3 el homicidio de 3 transportistas registrado la ma\u00f1ana de este lunes, y durante su conferencia pidi\u00f3 a la secretaria de Seguridad P\u00fablica, Martha Icela Vel\u00e1zquez Adame, que informara sobre los acontecimientos.<\/p>\n\n\n\n<p>La funcionaria municipal relat\u00f3 que el primer respondientes fue precisamente la Polic\u00eda Municipal, que en el ataque armado perdieron la vida tres transportistas y fueron incendiadas dos urvans del servicio p\u00fablico en el paradero de la Colonia Los Angeles, \u00absabemos que aqu\u00ed el fondo de todo esto son temas m\u00e1s profundos, donde las autoridades de otro nivel son quienes tienen que en su momento investigar y sabemos de algunas situaciones que han surgido y estamos en la espera de que haya alg\u00fan resultado de las investigaciones de los hechos ocurridos en diversos momentos\u00bb, fue el escueto reporte.<\/p>\n\n\n\n<p>Norma Otilia Hern\u00e1ndez insisti\u00f3 en que lo que pasa en Chilpancingo actualmente en materia de inseguridad, \u00abes lo que ha pasado desde hace muchos a\u00f1os\u00bb, pero son delitos del orden federal, \u00abson de otra \u00edndole y no est\u00e1n sucediendo en mi municipio nada m\u00e1s, est\u00e1n sucediendo en distintos lugares y estamos hablando del tema del transporte y eso no me corresponde\u00bb.<\/p>\n\n\n\n<p>La alcaldesa capitalina reconoci\u00f3, que de acuerdo con el INEGI hay una percepci\u00f3n elevada de inseguridad en Chilpancingo, \u00abpero en el 2022 bajaron los indices, en 2023 s\u00ed se dispara por supuesto y por eso estamos trabajando para garantizar la seguridad, y en cada evento delictivo que sucede del fuero federal Norma Otilia no est\u00e1 escondida, estoy trabajando todos los d\u00edas, compartiendo el mismo destino con la poblaci\u00f3n. Soy una mujer que enfrenta cada desaf\u00edo y no me da miedo\u00bb.<\/p>\n","protected":false},"excerpt":{"rendered":"<p>Rosario Garc\u00eda Orozco Chilpancingo, Gro., 7 de agosto del 2023.- La presidenta municipal de Chilpancingo, Norma Otilia Hern\u00e1ndez Mart\u00ednez declar\u00f3 que la violencia contra los transportistas no es reciente, y&hellip; <\/p>\n","protected":false},"author":14,"featured_media":65934,"comment_status":"open","ping_status":"open","sticky":false,"template":"","format":"standard","meta":{"fifu_image_url":"","fifu_image_alt":"","footnotes":""},"categories":[13],"tags":[],"class_list":["post-65933","post","type-post","status-publish","format-standard","has-post-thumbnail","hentry","category-capital"],"_links":{"self":[{"href":"https:\/\/www.interaccionnoticias.com.mx\/index.php?rest_route=\/wp\/v2\/posts\/65933","targetHints":{"allow":["GET"]}}],"collection":[{"href":"https:\/\/www.interaccionnoticias.com.mx\/index.php?rest_route=\/wp\/v2\/posts"}],"about":[{"href":"https:\/\/www.interaccionnoticias.com.mx\/index.php?rest_route=\/wp\/v2\/types\/post"}],"author":[{"embeddable":true,"href":"https:\/\/www.interaccionnoticias.com.mx\/index.php?rest_route=\/wp\/v2\/users\/14"}],"replies":[{"embeddable":true,"href":"https:\/\/www.interaccionnoticias.com.mx\/index.php?rest_route=%2Fwp%2Fv2%2Fcomments&post=65933"}],"version-history":[{"count":1,"href":"https:\/\/www.interaccionnoticias.com.mx\/index.php?rest_route=\/wp\/v2\/posts\/65933\/revisions"}],"predecessor-version":[{"id":65935,"href":"https:\/\/www.interaccionnoticias.com.mx\/index.php?rest_route=\/wp\/v2\/posts\/65933\/revisions\/65935"}],"wp:featuredmedia":[{"embeddable":true,"href":"https:\/\/www.interaccionnoticias.com.mx\/index.php?rest_route=\/wp\/v2\/media\/65934"}],"wp:attachment":[{"href":"https:\/\/www.interaccionnoticias.com.mx\/index.php?rest_route=%2Fwp%2Fv2%2Fmedia&parent=65933"}],"wp:term":[{"taxonomy":"category","embeddable":true,"href":"https:\/\/www.interaccionnoticias.com.mx\/index.php?rest_route=%2Fwp%2Fv2%2Fcategories&post=65933"},{"taxonomy":"post_tag","embeddable":true,"href":"https:\/\/www.interaccionnoticias.com.mx\/index.php?rest_route=%2Fwp%2Fv2%2Ftags&post=65933"}],"curies":[{"name":"wp","href":"https:\/\/api.w.org\/{rel}","templated":true}]}}