{"id":65930,"date":"2023-08-07T18:18:04","date_gmt":"2023-08-07T23:18:04","guid":{"rendered":"https:\/\/interaccionnoticias.com.mx\/?p=65930"},"modified":"2023-08-07T18:18:06","modified_gmt":"2023-08-07T23:18:06","slug":"lamenta-abelina-lopez-los-hechos-de-violencia","status":"publish","type":"post","link":"https:\/\/www.interaccionnoticias.com.mx\/?p=65930","title":{"rendered":"Lamenta Abelina L\u00f3pez los hechos de violencia"},"content":{"rendered":"\n<p><em><strong>&#8212; Asegura que se realizan las investigaciones por la FGE<br>&#8212; Asegura que recibe el apoyo de la Sedena<\/strong><\/em><\/p>\n\n\n\n<p><strong>Javier Trujillo<\/strong><\/p>\n\n\n\n<p><strong>Acapulco, Gro. \u2013<\/strong> La alcaldesa porte\u00f1a, Abelina L\u00f3pez Rodr\u00edguez lament\u00f3 la violencia que ocurre en el puerto de Acapulco, tras los sucesos del fin de semana en los distintos puntos de este destino tur\u00edstico.<\/p>\n\n\n\n<p>\u201cSon lamentables los hechos (de violencia) y la verdad de donde venga y se genere es lamentable.<\/p>\n\n\n\n<p>\u201cEn eso (las investigaciones) se ha dado parte a la Fiscal\u00eda General del Estado (FGE), y est\u00e1n en el proceso\u201d, respondi\u00f3 brevemente.<\/p>\n\n\n\n<p>Lo anterior, tras los hechos de violencia ocurridos la madrugada del domingo en la unidad habitacional Luis Donaldo Colosio.<\/p>\n\n\n\n<p>La edil emanada de las filas de MORENA, tambi\u00e9n se refiri\u00f3 a los negocios cerrados en la zona poniente de Acapulco, los exhort\u00f3 a seguir trabajando, a pesar de la quema de los 12 veh\u00edculos.<\/p>\n\n\n\n<p>Lo anterior, en entrevista en la Unidad Deportiva Vicente Su\u00e1rez donde se hizo la entrega de ayuda econ\u00f3mica a personas con discapacidad, la alcaldesa remarc\u00f3 que la indagatoria est\u00e1 en manos de la FGE.<\/p>\n\n\n\n<p>L\u00f3pez Rodr\u00edguez mencion\u00f3 que, a pesar de los hechos de violencia en Acapulco, los \u00edndices de ocupaci\u00f3n hotelera, est\u00e1 arriba del 78 por ciento, y contin\u00faa arriba la llegada de turistas al puerto.<\/p>\n\n\n\n<p>Adelant\u00f3 que el pr\u00f3ximo jueves sostendr\u00e1 una reuni\u00f3n con el comandante de la 27 Zona Militar Mart\u00edn Gerardo Franco Flores.<\/p>\n\n\n\n<p>Detall\u00f3 que se tiene como finalidad reforzar la seguridad en las calles y colonias, ya que las fuerzas castrenses siempre le han ayudado al municipio y le pone un trato especial para el puerto.<\/p>\n","protected":false},"excerpt":{"rendered":"<p>&#8212; Asegura que se realizan las investigaciones por la FGE&#8212; Asegura que recibe el apoyo de la Sedena Javier Trujillo Acapulco, Gro. \u2013 La alcaldesa porte\u00f1a, Abelina L\u00f3pez Rodr\u00edguez lament\u00f3&hellip; <\/p>\n","protected":false},"author":3,"featured_media":65931,"comment_status":"open","ping_status":"open","sticky":false,"template":"","format":"standard","meta":{"fifu_image_url":"","fifu_image_alt":"","footnotes":""},"categories":[242],"tags":[],"class_list":["post-65930","post","type-post","status-publish","format-standard","has-post-thumbnail","hentry","category-acapulco"],"_links":{"self":[{"href":"https:\/\/www.interaccionnoticias.com.mx\/index.php?rest_route=\/wp\/v2\/posts\/65930","targetHints":{"allow":["GET"]}}],"collection":[{"href":"https:\/\/www.interaccionnoticias.com.mx\/index.php?rest_route=\/wp\/v2\/posts"}],"about":[{"href":"https:\/\/www.interaccionnoticias.com.mx\/index.php?rest_route=\/wp\/v2\/types\/post"}],"author":[{"embeddable":true,"href":"https:\/\/www.interaccionnoticias.com.mx\/index.php?rest_route=\/wp\/v2\/users\/3"}],"replies":[{"embeddable":true,"href":"https:\/\/www.interaccionnoticias.com.mx\/index.php?rest_route=%2Fwp%2Fv2%2Fcomments&post=65930"}],"version-history":[{"count":1,"href":"https:\/\/www.interaccionnoticias.com.mx\/index.php?rest_route=\/wp\/v2\/posts\/65930\/revisions"}],"predecessor-version":[{"id":65932,"href":"https:\/\/www.interaccionnoticias.com.mx\/index.php?rest_route=\/wp\/v2\/posts\/65930\/revisions\/65932"}],"wp:featuredmedia":[{"embeddable":true,"href":"https:\/\/www.interaccionnoticias.com.mx\/index.php?rest_route=\/wp\/v2\/media\/65931"}],"wp:attachment":[{"href":"https:\/\/www.interaccionnoticias.com.mx\/index.php?rest_route=%2Fwp%2Fv2%2Fmedia&parent=65930"}],"wp:term":[{"taxonomy":"category","embeddable":true,"href":"https:\/\/www.interaccionnoticias.com.mx\/index.php?rest_route=%2Fwp%2Fv2%2Fcategories&post=65930"},{"taxonomy":"post_tag","embeddable":true,"href":"https:\/\/www.interaccionnoticias.com.mx\/index.php?rest_route=%2Fwp%2Fv2%2Ftags&post=65930"}],"curies":[{"name":"wp","href":"https:\/\/api.w.org\/{rel}","templated":true}]}}