{"id":65892,"date":"2023-08-07T12:13:57","date_gmt":"2023-08-07T17:13:57","guid":{"rendered":"https:\/\/interaccionnoticias.com.mx\/?p=65892"},"modified":"2023-08-07T12:14:00","modified_gmt":"2023-08-07T17:14:00","slug":"soledad-en-norma","status":"publish","type":"post","link":"https:\/\/www.interaccionnoticias.com.mx\/?p=65892","title":{"rendered":"Soledad en Norma"},"content":{"rendered":"\n<p><strong>David Mart\u00ednez T\u00e9llez<\/strong><\/p>\n\n\n\n<p>En situaciones de crisis pol\u00edtica, anota el vulgo de la comentocracia, los primeros en saltar del barco son las ratas.<\/p>\n\n\n\n<p>El trance pol\u00edtico que sigue atravesando la presidenta municipal de Chilpancingo Norma Otilia Hern\u00e1ndez Mart\u00ednez se ha agravado. Pero no aplica la frase de entrada de esta nota. Sin embargo, ahora esta sola, m\u00e1s debilitada.<\/p>\n\n\n\n<p>El origen de la problem\u00e1tica son dos mensajes: cuerpos descuartizados junto a un cartulina con dedicatoria espec\u00edfica y el famoso v\u00eddeo-recordatorio editado e incompleto (se dice con una duraci\u00f3n de 40 minutos) donde se re\u00fane con personajes de \u201cotros grupos\u201d, que no son comunitarios.<\/p>\n\n\n\n<p>A ra\u00edz de esa relaci\u00f3n, a trav\u00e9s de los mensajes, los primeros actores pol\u00edticos de la entidad han tomado distancia de las actividades municipales. No la invita ni la gobernadora \u2013porque no est\u00e1 obligada, justifica el poder municipal- ni el senador; o alg\u00fan diputado local, ni secretarios a ceremonias. En un primer momento el presidente estatal de Morena, Jacinto Gonz\u00e1lez Varona, le retir\u00f3 el apoyo; luego, reconsider\u00f3 con declaraciones; pero no asiste a las acciones que promueve la presidencia municipal. Se lee pol\u00edticamente: est\u00e1 sola en Morena.<\/p>\n\n\n\n<p>Ante esa soledad, hace 15 d\u00edas, aproximadamente, \u201calguien\u201d subi\u00f3 a redes sociales una fotograf\u00eda donde aparecen la presidenta municipal y el ex gobernador de Guerrero, \u00c1ngel Aguirre Rivero. Interpreto que esa imagen enviaba el mensaje de que si estaba aislada en Morena, ten\u00eda el apoyo de otro actor con incidencia en la entidad.<\/p>\n\n\n\n<p>A pregunta puntual en su conferencia de prensa de los lunes, le solicit\u00e9 su opini\u00f3n sobre ese retrato junto al ex gobernador. Dijo que fue hace como un a\u00f1o y que respetaba a Aguirre Rivero.<\/p>\n\n\n\n<p>Entrevistaron al ex gobernador y desminti\u00f3 que conociera directamente a la presidenta \u201ctal vez sea porque su suegro es, \u00c1ngel Benigno, quien fue mi colaborador\u201d y agreg\u00f3 \u201chubo una reuni\u00f3n con la familia de Benigno en febrero\u201d.<\/p>\n\n\n\n<p>Como se puede leer las fechas no coinciden. Alguno de los dos no dice la verdad.<\/p>\n\n\n\n<p>Interpreto que esa fotograf\u00eda es como la mayor\u00eda de quienes piensan que realizan pol\u00edtica y una imagen de esa naturaleza atestigua que \u201cest\u00e1 cercano\u201d con quien est\u00e1 a su lado. Vamos, nos quiere decir que tiene poder o, por lo menos, est\u00e1 a un lado de ese poder. Es decir, si no tengo aliados en mi partido, tengo cercan\u00eda o alianza con otro actor importante, aunque no sea de mi partido.<\/p>\n\n\n\n<p>El mensaje de \u201ctengo alianza\u201d con otro poder fue enviado a la clase pol\u00edtica, por medio de redes sociales. Creo esa fue la intenci\u00f3n. Sin embargo, el ex gobernador la desminti\u00f3.<\/p>\n\n\n\n<p>Conclusi\u00f3n. No la quieren en su partido, porque pertenece a un grupo que ha perdido fuerza pol\u00edtica, y, por los mensajes y los v\u00eddeos; el desmentido del ex gobernador, nos lleva a pensar que est\u00e1 sola la presidenta municipal.<\/p>\n\n\n\n<p>Habr\u00eda que reconocer que su equipo de colaboradores, la mayor\u00eda, se ha mantenido a su lado. Pero como autoridad est\u00e1 obligada a gestionar, y si se le cierran las puertas poco puede contribuir a mejores diligencias.<\/p>\n\n\n\n<p>La soledad pinta un ambiente sombr\u00edo.<\/p>\n","protected":false},"excerpt":{"rendered":"<p>David Mart\u00ednez T\u00e9llez En situaciones de crisis pol\u00edtica, anota el vulgo de la comentocracia, los primeros en saltar del barco son las ratas. El trance pol\u00edtico que sigue atravesando la&hellip; <\/p>\n","protected":false},"author":27,"featured_media":41642,"comment_status":"open","ping_status":"open","sticky":false,"template":"","format":"standard","meta":{"fifu_image_url":"","fifu_image_alt":"","footnotes":""},"categories":[16],"tags":[],"class_list":["post-65892","post","type-post","status-publish","format-standard","has-post-thumbnail","hentry","category-opinion"],"_links":{"self":[{"href":"https:\/\/www.interaccionnoticias.com.mx\/index.php?rest_route=\/wp\/v2\/posts\/65892","targetHints":{"allow":["GET"]}}],"collection":[{"href":"https:\/\/www.interaccionnoticias.com.mx\/index.php?rest_route=\/wp\/v2\/posts"}],"about":[{"href":"https:\/\/www.interaccionnoticias.com.mx\/index.php?rest_route=\/wp\/v2\/types\/post"}],"author":[{"embeddable":true,"href":"https:\/\/www.interaccionnoticias.com.mx\/index.php?rest_route=\/wp\/v2\/users\/27"}],"replies":[{"embeddable":true,"href":"https:\/\/www.interaccionnoticias.com.mx\/index.php?rest_route=%2Fwp%2Fv2%2Fcomments&post=65892"}],"version-history":[{"count":1,"href":"https:\/\/www.interaccionnoticias.com.mx\/index.php?rest_route=\/wp\/v2\/posts\/65892\/revisions"}],"predecessor-version":[{"id":65893,"href":"https:\/\/www.interaccionnoticias.com.mx\/index.php?rest_route=\/wp\/v2\/posts\/65892\/revisions\/65893"}],"wp:featuredmedia":[{"embeddable":true,"href":"https:\/\/www.interaccionnoticias.com.mx\/index.php?rest_route=\/wp\/v2\/media\/41642"}],"wp:attachment":[{"href":"https:\/\/www.interaccionnoticias.com.mx\/index.php?rest_route=%2Fwp%2Fv2%2Fmedia&parent=65892"}],"wp:term":[{"taxonomy":"category","embeddable":true,"href":"https:\/\/www.interaccionnoticias.com.mx\/index.php?rest_route=%2Fwp%2Fv2%2Fcategories&post=65892"},{"taxonomy":"post_tag","embeddable":true,"href":"https:\/\/www.interaccionnoticias.com.mx\/index.php?rest_route=%2Fwp%2Fv2%2Ftags&post=65892"}],"curies":[{"name":"wp","href":"https:\/\/api.w.org\/{rel}","templated":true}]}}