{"id":6589,"date":"2017-07-18T22:28:45","date_gmt":"2017-07-19T03:28:45","guid":{"rendered":"http:\/\/www.inter-accion.com.mx\/?p=6589"},"modified":"2017-07-18T22:28:45","modified_gmt":"2017-07-19T03:28:45","slug":"osorio-chong-autodefensas-solo-llevan-hacia-la-anarquia","status":"publish","type":"post","link":"https:\/\/www.interaccionnoticias.com.mx\/?p=6589","title":{"rendered":"Osorio Chong: autodefensas solo llevan hacia la anarqu\u00eda"},"content":{"rendered":"<p class=\"m_-8999259155374738508xmsonormal\"><span lang=\"ES\"><strong>El secretario de gobernaci\u00f3n sostiene que no se dejar\u00e1 solo a Chilpancingo<\/strong><br \/>\nEl secretario de Gobernaci\u00f3n, Miguel Angel Osorio Chong advirti\u00f3 que permitir que la poblaci\u00f3n se arme solamente garantiza la anarqu\u00eda, por esa raz\u00f3n, hizo un llamado a las comunidades que han tomado la ruta de la autodefensa para que conf\u00eden en las instituciones de los tres niveles de gobierno.<u><\/u><u><\/u><\/span><\/p>\n<p class=\"m_-8999259155374738508xmsonormal\"><span lang=\"ES\">En la cabecera municipal de Chilpancingo, Osorio Chong reconoci\u00f3 que estaba en una de las ciudades m\u00e1s complicadas en el tema de la inseguridad p\u00fablica, pero sostuvo que la administraci\u00f3n federal no dejar\u00e1 solos a los habitantes de la capital de Guerrero, ya que para ello se trabaja en acciones encaminadas principalmente a la prevenci\u00f3n del delito.<u><\/u><u><\/u><\/span><\/p>\n<p class=\"m_-8999259155374738508xmsonormal\"><span lang=\"ES\">Dichas acciones, indic\u00f3 que van m\u00e1s all\u00e1 del despliegue de cuerpos de seguridad, tambi\u00e9n tienen relaci\u00f3n con la recuperaci\u00f3n de los espacios de convivencia&nbsp;&nbsp;que durante muchos a\u00f1os se perdieron, lo que contribuy\u00f3 a la ruptura del tejido social.&nbsp;&nbsp;&nbsp;&nbsp;&nbsp;<u><\/u><u><\/u><\/span><\/p>\n<p class=\"m_-8999259155374738508xmsonormal\"><span lang=\"ES\">Junto al gobernador H\u00e9ctor Astudillo Flores, el titular de la SEGOB sostuvo un encuentro con diferentes medios de comunicaci\u00f3n, a los que confirm\u00f3 la postura que el gobierno tiene en torno al surgimiento de&nbsp;&nbsp;grupos de civiles armados que se declaran en autodefensa contra la delincuencia.&nbsp;&nbsp;<u><\/u><u><\/u><\/span><\/p>\n<p class=\"m_-8999259155374738508xmsonormal\"><span lang=\"ES\">Manifest\u00f3 que debe quedar claro que&nbsp;<\/span>\u201cla potestad en materia de seguridad est\u00e1 en los gobiernos municipales, estatal y la federaci\u00f3n, nada permite bajo ninguna raz\u00f3n que se pueda armar la sociedad, porque entonces estar\u00edamos en la anarqu\u00eda a la que algunos quisieran que lleg\u00e1ramos\u201d.<u><\/u><u><\/u><\/p>\n<p class=\"m_-8999259155374738508xmsonormal\">Manifest\u00f3 que se est\u00e1 dialogando con quienes alientan ese tipo de grupos, al tiempo en que se act\u00faa conforme a la ley, lo que puede confirmarse con hechos registrados hace apenas unos d\u00edas.<u><\/u><u><\/u><\/p>\n<p class=\"m_-8999259155374738508xmsonormal\">\u201cLo hemos hecho en algunas comunidades, en algunos municipios en d\u00edas recientes y vamos a seguir adelante\u201d, anot\u00f3.<u><\/u><u><\/u><\/p>\n<p class=\"m_-8999259155374738508xmsonormal\">Tambi\u00e9n expuso que la SEGOB tiene informaci\u00f3n de que algunos grupos de la delincuencia organizada est\u00e1n azuzando a las comunidades, para que por medio de diferentes maneras no permitan la presencia de las autoridades federales, estatales o municipales.<u><\/u><u><\/u><\/p>\n<p class=\"m_-8999259155374738508xmsonormal\">Eso, asegur\u00f3 que tampoco se permitir\u00e1, ya que la funci\u00f3n de las instituciones es hacer presencia en zonas complicadas para devolver la tranquilidad, no para genera violencia.<u><\/u><u><\/u><\/p>\n<p class=\"m_-8999259155374738508xmsonormal\">\u201cSi est\u00e1n pidiendo la salida de alg\u00fan grupo institucional de seguridad, es porque seguramente quieren que se les abra la puerta para hacer sus fechor\u00edas, para actuar al margen de la ley. Eso no lo podemos permitir\u201d.<u><\/u><u><\/u><\/p>\n<p class=\"m_-8999259155374738508xmsonormal\"><span class=\"m_-8999259155374738508apple-converted-space\">Manifest\u00f3 que la petici\u00f3n de que las instituciones de seguridad, tanto de nivel estatal como federal se retiren de comunidades con altos \u00edndices de violencia no esta justificada, por eso es que se trabaja en varios municipios de la Sierra, Costa, Tierra Caliente y regi\u00f3n Centro.<u><\/u><u><\/u><\/span><\/p>\n<p class=\"m_-8999259155374738508xmsonormal\"><span class=\"m_-8999259155374738508apple-converted-space\">\u201cEstamos&nbsp;<\/span>platicando con las comunidades para que se sientan seguras a partir de la identificaci\u00f3n con los cuerpos de seguridad y vamos a seguir adelante\u201d, enfatiz\u00f3.<u><\/u><u><\/u><\/p>\n<p class=\"m_-8999259155374738508xmsonormal\"><b>Se busca la verdad en La masacre de Las Cruces<u><\/u><u><\/u><\/b><\/p>\n<p class=\"m_-8999259155374738508xmsonormal\">Respecto a lo sucedido en el penal de Las Cruces la madrugada del 6 de julio, cuando murieron 28 reos en una ri\u00f1a, el secretario de Gobernaci\u00f3n sostuvo que se trata de una circunstancia muy grave.<u><\/u><u><\/u><\/p>\n<p class=\"m_-8999259155374738508xmsonormal\">Dijo a los reporteros que se est\u00e1 investigando y que llegado el momento, cuando se tengan todos los elementos se habr\u00e1 de decir con claridad qu\u00e9 fue lo que sucedi\u00f3.<u><\/u><u><\/u><\/p>\n<p class=\"m_-8999259155374738508xmsonormal\">Al mismo tiempo, dijo que se ha trabajado con los gobiernos estatales para que el recurso que se tiene en los centros penitenciarios sea bien aplicado.<u><\/u><u><\/u><\/p>\n<p class=\"m_-8999259155374738508xmsonormal\">Admiti\u00f3 que trabajando en cada penal es complejo, pero sostuvo que se debe avanzar en temas como el de la corrupci\u00f3n dentro de los penales, para evitar la integraci\u00f3n de autogobiernos que generen ri\u00f1as como la sucedida en el puerto de Acapulco.<\/p>\n","protected":false},"excerpt":{"rendered":"<p>El secretario de gobernaci\u00f3n sostiene que no se dejar\u00e1 solo a Chilpancingo El secretario de Gobernaci\u00f3n, Miguel Angel Osorio Chong advirti\u00f3 que permitir que la poblaci\u00f3n se arme solamente garantiza&hellip; <\/p>\n","protected":false},"author":1,"featured_media":0,"comment_status":"closed","ping_status":"closed","sticky":false,"template":"","format":"standard","meta":{"fifu_image_url":"","fifu_image_alt":"","footnotes":""},"categories":[8,11],"tags":[],"class_list":["post-6589","post","type-post","status-publish","format-standard","hentry","category-featured","category-guerrero"],"_links":{"self":[{"href":"https:\/\/www.interaccionnoticias.com.mx\/index.php?rest_route=\/wp\/v2\/posts\/6589","targetHints":{"allow":["GET"]}}],"collection":[{"href":"https:\/\/www.interaccionnoticias.com.mx\/index.php?rest_route=\/wp\/v2\/posts"}],"about":[{"href":"https:\/\/www.interaccionnoticias.com.mx\/index.php?rest_route=\/wp\/v2\/types\/post"}],"author":[{"embeddable":true,"href":"https:\/\/www.interaccionnoticias.com.mx\/index.php?rest_route=\/wp\/v2\/users\/1"}],"replies":[{"embeddable":true,"href":"https:\/\/www.interaccionnoticias.com.mx\/index.php?rest_route=%2Fwp%2Fv2%2Fcomments&post=6589"}],"version-history":[{"count":0,"href":"https:\/\/www.interaccionnoticias.com.mx\/index.php?rest_route=\/wp\/v2\/posts\/6589\/revisions"}],"wp:attachment":[{"href":"https:\/\/www.interaccionnoticias.com.mx\/index.php?rest_route=%2Fwp%2Fv2%2Fmedia&parent=6589"}],"wp:term":[{"taxonomy":"category","embeddable":true,"href":"https:\/\/www.interaccionnoticias.com.mx\/index.php?rest_route=%2Fwp%2Fv2%2Fcategories&post=6589"},{"taxonomy":"post_tag","embeddable":true,"href":"https:\/\/www.interaccionnoticias.com.mx\/index.php?rest_route=%2Fwp%2Fv2%2Ftags&post=6589"}],"curies":[{"name":"wp","href":"https:\/\/api.w.org\/{rel}","templated":true}]}}