{"id":6586,"date":"2017-07-18T21:52:27","date_gmt":"2017-07-19T02:52:27","guid":{"rendered":"http:\/\/www.inter-accion.com.mx\/?p=6586"},"modified":"2017-07-18T21:52:27","modified_gmt":"2017-07-19T02:52:27","slug":"inaugura-meade-planta-tratadora-de-aguas-residuales-en-cochoapa","status":"publish","type":"post","link":"https:\/\/www.interaccionnoticias.com.mx\/?p=6586","title":{"rendered":"Inaugura Meade planta tratadora de Aguas Residuales en Cochoapa"},"content":{"rendered":"<p><strong>Es el municipio m\u00e1s pobre del estado de Guerrero.<\/strong><br \/>\nel titular de la Secretar\u00eda de Hacienda y Cr\u00e9dito P\u00fablico (SHCP) del gobierno de la Rep\u00fablica, Jos\u00e9 Antonio Meade Kuribre\u00f1a inaugur\u00f3 la planta tratadora de Aguas Residuales en Cochoapa, uno de los municipios m\u00e1s pobres del pa\u00eds.<br \/>\nLa obra tuvo una inversi\u00f3n de 24 millones de pesos, en la inauguraci\u00f3n particip\u00f3 el gobernador H\u00e9ctor Astudillo Flores y el director de la Comisi\u00f3n Nacional del Agua (CNA) Roberto Ram\u00edrez de la Parra.&nbsp;&nbsp;<br \/>\nEn la Monta\u00f1a alta de Guerrero, el director general de Conagua explic\u00f3 que la planta tratadora tiene la finalidad de que los habitantes de Cochoapa mejoen de manera sustancial su calidad de vida.<br \/>\nEl gobernador Astudillo Flores agradeci\u00f3 a los funcionarios federales la entrega de dichas instalaciones, ya que la planta permitir\u00e1 conservar el afluente del r\u00edo local, que abastece al municipio m\u00e1s joven de la entidad, pero que es el que m\u00e1s carencias enfrenta.<br \/>\nRosa Lorenzo de la Cruz, alcaldesa de Cochoapa, reconoci\u00f3 que ese municipio es el que mayores rezagos registra en el pa\u00eds, pero admiti\u00f3 que la planta tratadora de aguas negras, que representa la inversi\u00f3n de 24 millones de pesos, permitir\u00e1 a los pobladores realizar sus actividades agr\u00edcolas en mejores condiciones.<\/p>\n","protected":false},"excerpt":{"rendered":"<p>Es el municipio m\u00e1s pobre del estado de Guerrero. el titular de la Secretar\u00eda de Hacienda y Cr\u00e9dito P\u00fablico (SHCP) del gobierno de la Rep\u00fablica, Jos\u00e9 Antonio Meade Kuribre\u00f1a inaugur\u00f3&hellip; <\/p>\n","protected":false},"author":1,"featured_media":0,"comment_status":"closed","ping_status":"closed","sticky":false,"template":"","format":"standard","meta":{"fifu_image_url":"","fifu_image_alt":"","footnotes":""},"categories":[8,23],"tags":[],"class_list":["post-6586","post","type-post","status-publish","format-standard","hentry","category-featured","category-regionales"],"_links":{"self":[{"href":"https:\/\/www.interaccionnoticias.com.mx\/index.php?rest_route=\/wp\/v2\/posts\/6586","targetHints":{"allow":["GET"]}}],"collection":[{"href":"https:\/\/www.interaccionnoticias.com.mx\/index.php?rest_route=\/wp\/v2\/posts"}],"about":[{"href":"https:\/\/www.interaccionnoticias.com.mx\/index.php?rest_route=\/wp\/v2\/types\/post"}],"author":[{"embeddable":true,"href":"https:\/\/www.interaccionnoticias.com.mx\/index.php?rest_route=\/wp\/v2\/users\/1"}],"replies":[{"embeddable":true,"href":"https:\/\/www.interaccionnoticias.com.mx\/index.php?rest_route=%2Fwp%2Fv2%2Fcomments&post=6586"}],"version-history":[{"count":0,"href":"https:\/\/www.interaccionnoticias.com.mx\/index.php?rest_route=\/wp\/v2\/posts\/6586\/revisions"}],"wp:attachment":[{"href":"https:\/\/www.interaccionnoticias.com.mx\/index.php?rest_route=%2Fwp%2Fv2%2Fmedia&parent=6586"}],"wp:term":[{"taxonomy":"category","embeddable":true,"href":"https:\/\/www.interaccionnoticias.com.mx\/index.php?rest_route=%2Fwp%2Fv2%2Fcategories&post=6586"},{"taxonomy":"post_tag","embeddable":true,"href":"https:\/\/www.interaccionnoticias.com.mx\/index.php?rest_route=%2Fwp%2Fv2%2Ftags&post=6586"}],"curies":[{"name":"wp","href":"https:\/\/api.w.org\/{rel}","templated":true}]}}