{"id":6580,"date":"2017-07-18T18:29:48","date_gmt":"2017-07-18T23:29:48","guid":{"rendered":"http:\/\/www.inter-accion.com.mx\/?p=6580"},"modified":"2017-07-18T18:29:48","modified_gmt":"2017-07-18T23:29:48","slug":"inicia-el-tramite-legislativo-del-juicio-politico-contra-el-fiscal-javier-olea","status":"publish","type":"post","link":"https:\/\/www.interaccionnoticias.com.mx\/?p=6580","title":{"rendered":"Inicia el tr\u00e1mite legislativo del juicio pol\u00edtico contra el fiscal Javier Olea"},"content":{"rendered":"<p>Ratifican denuncia ante la PGR<br \/>\nEl Congreso local dio entrada al juicio pol\u00edtico que la fracci\u00f3n parlamentaria del Movimiento Ciudadano (MC) promovi\u00f3 contra el titular de la Fiscal\u00eda General del Estado (FGE) Javier Olea Pel\u00e1ez, por incurrir en omisiones en el cumplimiento de sus obligaciones.<br \/>\nLa jornada del martes, el Pleno del Congreso local&nbsp;inici\u00f3 el tramite legislativo al&nbsp;juicio de responsabilidad pol\u00edtica contra el fiscal Olea Pel\u00e1ez, por el perjuicio a los intereses p\u00fablicos fundamentales y su buen desempe\u00f1o, ocasionado con motivo de las omisiones reiteradas en el cumplimiento de sus obligaciones.<br \/>\nComo promotores figuran los diputados del MC Ricardo Mej\u00eda Berdeja y Silvano Blanco Deaquino, as\u00ed como de los ciudadanos Victoriano S\u00e1nchez Carbajal, presidente del Colegio de Abogados de Guerrero y Julia Alonso, representante de Ciencia Forense Ciudadana.<br \/>\nAntes de que se desarrollara la sesi\u00f3n de este 18 de julio, el coordinador de la bancada del MC, Ricardo Mej\u00eda se present\u00f3 a la delegaci\u00f3n de la Procuradur\u00eda General de la Rep\u00fablica (PGR) para ratificar la denuncia penal contra el fiscal Olea, por violar la Ley General del Sistema Nacional de Seguridad P\u00fablica.<br \/>\nDicha cargo se formul\u00f3 a partir de que mantiene en activo a elementos que no aprobaron los ex\u00e1menes de control y confianza, lo que se tipifica como delito en el art\u00edculo 139, fracci\u00f3n IV, de la ley mencionada y por delitos contra la administraci\u00f3n de justicia establecidos en el C\u00f3digo Penal federal.<br \/>\nEl representante popular sostuvo que es delito mantener un personal no certificado haciendo funciones de polic\u00eda, perito o ministerio p\u00fablico y precisamente \u00e9ste delito, adem\u00e1s, afecta al debido proceso, ya que las actuaciones de este personal no certificado pueden ser se\u00f1alados por los inculpados echando por la borda los procesos penales iniciados por la FGE.<br \/>\nEl juicio fue turnado a la comisi\u00f3n de Examen Previo, que preside la diputada pri\u00edsta Rosaura Rodr\u00edguez Carrillo.<\/p>\n","protected":false},"excerpt":{"rendered":"<p>Ratifican denuncia ante la PGR El Congreso local dio entrada al juicio pol\u00edtico que la fracci\u00f3n parlamentaria del Movimiento Ciudadano (MC) promovi\u00f3 contra el titular de la Fiscal\u00eda General del&hellip; <\/p>\n","protected":false},"author":1,"featured_media":0,"comment_status":"closed","ping_status":"closed","sticky":false,"template":"","format":"standard","meta":{"fifu_image_url":"","fifu_image_alt":"","footnotes":""},"categories":[2,8],"tags":[],"class_list":["post-6580","post","type-post","status-publish","format-standard","hentry","category-congreso","category-featured"],"_links":{"self":[{"href":"https:\/\/www.interaccionnoticias.com.mx\/index.php?rest_route=\/wp\/v2\/posts\/6580","targetHints":{"allow":["GET"]}}],"collection":[{"href":"https:\/\/www.interaccionnoticias.com.mx\/index.php?rest_route=\/wp\/v2\/posts"}],"about":[{"href":"https:\/\/www.interaccionnoticias.com.mx\/index.php?rest_route=\/wp\/v2\/types\/post"}],"author":[{"embeddable":true,"href":"https:\/\/www.interaccionnoticias.com.mx\/index.php?rest_route=\/wp\/v2\/users\/1"}],"replies":[{"embeddable":true,"href":"https:\/\/www.interaccionnoticias.com.mx\/index.php?rest_route=%2Fwp%2Fv2%2Fcomments&post=6580"}],"version-history":[{"count":0,"href":"https:\/\/www.interaccionnoticias.com.mx\/index.php?rest_route=\/wp\/v2\/posts\/6580\/revisions"}],"wp:attachment":[{"href":"https:\/\/www.interaccionnoticias.com.mx\/index.php?rest_route=%2Fwp%2Fv2%2Fmedia&parent=6580"}],"wp:term":[{"taxonomy":"category","embeddable":true,"href":"https:\/\/www.interaccionnoticias.com.mx\/index.php?rest_route=%2Fwp%2Fv2%2Fcategories&post=6580"},{"taxonomy":"post_tag","embeddable":true,"href":"https:\/\/www.interaccionnoticias.com.mx\/index.php?rest_route=%2Fwp%2Fv2%2Ftags&post=6580"}],"curies":[{"name":"wp","href":"https:\/\/api.w.org\/{rel}","templated":true}]}}