{"id":65786,"date":"2023-08-04T15:39:48","date_gmt":"2023-08-04T20:39:48","guid":{"rendered":"https:\/\/interaccionnoticias.com.mx\/?p=65786"},"modified":"2023-08-04T15:39:50","modified_gmt":"2023-08-04T20:39:50","slug":"ante-rumores-de-bloqueos-de-transportistas-despliegan-operativo-en-acapulco","status":"publish","type":"post","link":"https:\/\/www.interaccionnoticias.com.mx\/?p=65786","title":{"rendered":"Ante \u201crumores\u201d de bloqueos de transportistas, despliegan operativo en Acapulco"},"content":{"rendered":"\n<p><strong><em>&#8212; Todos los accesos al puerto est\u00e1n resguardados por fuerzas federales y estatales<br>&#8212; Quema de un veh\u00edculo, debido a fallas electromec\u00e1nicas, asegura la SSP<\/em><\/strong><\/p>\n\n\n\n<p><strong>Javier Trujillo<\/strong><\/p>\n\n\n\n<p><strong>Acapulco, Gro. \u2013 <\/strong>Tras la difusi\u00f3n de un audio, donde se advierte que todos los accesos al puerto de Acapulco ser\u00e1n cerrados por transportistas, en este destino tur\u00edstico despliegan un operativo fuerzas federales y estatales.<\/p>\n\n\n\n<p>El vocero de seguridad en la Mesa de Coordinaci\u00f3n para la Construcci\u00f3n de la Paz, Randy Suastegui Cebrero confirm\u00f3 en un video mensaje, el despliegue operativo realizado con las fuerzas federales, estatales y ministeriales.<\/p>\n\n\n\n<p>Se indica que efectivos del Ej\u00e9rcito Mexicano, Guardia Nacional, Marina Armada de M\u00e9xico y Polic\u00edas Estatal y Ministerial.<\/p>\n\n\n\n<p>Adem\u00e1s, se sumar\u00e1 la Secretar\u00eda de Gesti\u00f3n Integral de Riesgos y Protecci\u00f3n Civil quienes se desplegaron en la Autopista del Sol, Zona Poniente, Oriente y Norte de Acapulco, as\u00ed como sus principales avenidas.<\/p>\n\n\n\n<p>\u201cHa circulado informaci\u00f3n que, en el puerto de Acapulco, se realizar\u00edan bloqueos por parte del sector del transporte en este municipio en diversas vialidades.<\/p>\n\n\n\n<p>\u201cSin embargo, es preciso se\u00f1alar que hasta el momento no existe ning\u00fan bloqueo, esto de acuerdo con el reporte que tenemos de la Secretar\u00eda de Seguridad P\u00fablica del gobierno del estado de Guerrero\u201d, dijo en un video mensaje.<\/p>\n\n\n\n<p>Suastegui Cebrero, afirm\u00f3 que se han realizado recorridos en las diferentes colonias y las avenidas del puerto, hasta el momento no hay indicios que permitan establecer que habr\u00e1 bloqueos por transportistas.<\/p>\n\n\n\n<p>El vocero de la mesa de seguridad precis\u00f3 que con relaci\u00f3n al incendio de una camioneta de pasajeros de la ruta Caleta-Mozimba, marca Nissan tipo Urvan.<\/p>\n\n\n\n<p>Explic\u00f3 que el parte oficial refiere se trat\u00f3 de una falla electromec\u00e1nica que deriv\u00f3 en un incendio.<\/p>\n\n\n\n<p>Del mismo modo, rechaz\u00f3 que al interior de la unidad del transporte p\u00fablico haya una persona muerta.<\/p>\n\n\n\n<p>En tanto, efectivos de las diversas instancias de seguridad fueron desplegados a diferentes zonas del puerto.<\/p>\n\n\n\n<div class=\"wp-block-jetpack-slideshow aligncenter\" data-effect=\"slide\"><div class=\"wp-block-jetpack-slideshow_container swiper-container\"><ul class=\"wp-block-jetpack-slideshow_swiper-wrapper swiper-wrapper\"><li class=\"wp-block-jetpack-slideshow_slide swiper-slide\"><figure><img decoding=\"async\" src=\"data:image\/gif;base64,R0lGODlhAQABAIAAAAAAAP\/\/\/ywAAAAAAQABAAACAUwAOw==\" fifu-lazy=\"1\" fifu-data-sizes=\"auto\" fifu-data-srcset=\"https:\/\/i3.wp.com\/interaccionnoticias.com.mx\/wp-content\/uploads\/2023\/08\/230804-Quema-de-un-vehiculo-1-1024x683.jpg?ssl=1&w=75&resize=75&ssl=1 75w, https:\/\/i3.wp.com\/interaccionnoticias.com.mx\/wp-content\/uploads\/2023\/08\/230804-Quema-de-un-vehiculo-1-1024x683.jpg?ssl=1&w=100&resize=100&ssl=1 100w, https:\/\/i3.wp.com\/interaccionnoticias.com.mx\/wp-content\/uploads\/2023\/08\/230804-Quema-de-un-vehiculo-1-1024x683.jpg?ssl=1&w=150&resize=150&ssl=1 150w, https:\/\/i3.wp.com\/interaccionnoticias.com.mx\/wp-content\/uploads\/2023\/08\/230804-Quema-de-un-vehiculo-1-1024x683.jpg?ssl=1&w=240&resize=240&ssl=1 240w, https:\/\/i3.wp.com\/interaccionnoticias.com.mx\/wp-content\/uploads\/2023\/08\/230804-Quema-de-un-vehiculo-1-1024x683.jpg?ssl=1&w=320&resize=320&ssl=1 320w, https:\/\/i3.wp.com\/interaccionnoticias.com.mx\/wp-content\/uploads\/2023\/08\/230804-Quema-de-un-vehiculo-1-1024x683.jpg?ssl=1&w=500&resize=500&ssl=1 500w, https:\/\/i3.wp.com\/interaccionnoticias.com.mx\/wp-content\/uploads\/2023\/08\/230804-Quema-de-un-vehiculo-1-1024x683.jpg?ssl=1&w=640&resize=640&ssl=1 640w, https:\/\/i3.wp.com\/interaccionnoticias.com.mx\/wp-content\/uploads\/2023\/08\/230804-Quema-de-un-vehiculo-1-1024x683.jpg?ssl=1&w=800&resize=800&ssl=1 800w, https:\/\/i3.wp.com\/interaccionnoticias.com.mx\/wp-content\/uploads\/2023\/08\/230804-Quema-de-un-vehiculo-1-1024x683.jpg?ssl=1&w=1024&resize=1024&ssl=1 1024w, https:\/\/i3.wp.com\/interaccionnoticias.com.mx\/wp-content\/uploads\/2023\/08\/230804-Quema-de-un-vehiculo-1-1024x683.jpg?ssl=1&w=1280&resize=1280&ssl=1 1280w, https:\/\/i3.wp.com\/interaccionnoticias.com.mx\/wp-content\/uploads\/2023\/08\/230804-Quema-de-un-vehiculo-1-1024x683.jpg?ssl=1&w=1600&resize=1600&ssl=1 1600w\" alt=\"\" class=\"wp-block-jetpack-slideshow_image wp-image-65787\" data-id=\"65787\" fifu-data-src=\"https:\/\/i3.wp.com\/interaccionnoticias.com.mx\/wp-content\/uploads\/2023\/08\/230804-Quema-de-un-vehiculo-1-1024x683.jpg?ssl=1\"\/><\/figure><\/li><li class=\"wp-block-jetpack-slideshow_slide swiper-slide\"><figure><img decoding=\"async\" src=\"data:image\/gif;base64,R0lGODlhAQABAIAAAAAAAP\/\/\/ywAAAAAAQABAAACAUwAOw==\" fifu-lazy=\"1\" fifu-data-sizes=\"auto\" fifu-data-srcset=\"https:\/\/i0.wp.com\/interaccionnoticias.com.mx\/wp-content\/uploads\/2023\/08\/230804-Quema-de-un-vehiculo-2-1024x683.jpg?ssl=1&w=75&resize=75&ssl=1 75w, https:\/\/i0.wp.com\/interaccionnoticias.com.mx\/wp-content\/uploads\/2023\/08\/230804-Quema-de-un-vehiculo-2-1024x683.jpg?ssl=1&w=100&resize=100&ssl=1 100w, https:\/\/i0.wp.com\/interaccionnoticias.com.mx\/wp-content\/uploads\/2023\/08\/230804-Quema-de-un-vehiculo-2-1024x683.jpg?ssl=1&w=150&resize=150&ssl=1 150w, https:\/\/i0.wp.com\/interaccionnoticias.com.mx\/wp-content\/uploads\/2023\/08\/230804-Quema-de-un-vehiculo-2-1024x683.jpg?ssl=1&w=240&resize=240&ssl=1 240w, https:\/\/i0.wp.com\/interaccionnoticias.com.mx\/wp-content\/uploads\/2023\/08\/230804-Quema-de-un-vehiculo-2-1024x683.jpg?ssl=1&w=320&resize=320&ssl=1 320w, https:\/\/i0.wp.com\/interaccionnoticias.com.mx\/wp-content\/uploads\/2023\/08\/230804-Quema-de-un-vehiculo-2-1024x683.jpg?ssl=1&w=500&resize=500&ssl=1 500w, https:\/\/i0.wp.com\/interaccionnoticias.com.mx\/wp-content\/uploads\/2023\/08\/230804-Quema-de-un-vehiculo-2-1024x683.jpg?ssl=1&w=640&resize=640&ssl=1 640w, https:\/\/i0.wp.com\/interaccionnoticias.com.mx\/wp-content\/uploads\/2023\/08\/230804-Quema-de-un-vehiculo-2-1024x683.jpg?ssl=1&w=800&resize=800&ssl=1 800w, https:\/\/i0.wp.com\/interaccionnoticias.com.mx\/wp-content\/uploads\/2023\/08\/230804-Quema-de-un-vehiculo-2-1024x683.jpg?ssl=1&w=1024&resize=1024&ssl=1 1024w, https:\/\/i0.wp.com\/interaccionnoticias.com.mx\/wp-content\/uploads\/2023\/08\/230804-Quema-de-un-vehiculo-2-1024x683.jpg?ssl=1&w=1280&resize=1280&ssl=1 1280w, https:\/\/i0.wp.com\/interaccionnoticias.com.mx\/wp-content\/uploads\/2023\/08\/230804-Quema-de-un-vehiculo-2-1024x683.jpg?ssl=1&w=1600&resize=1600&ssl=1 1600w\" alt=\"\" class=\"wp-block-jetpack-slideshow_image wp-image-65788\" data-id=\"65788\" fifu-data-src=\"https:\/\/i0.wp.com\/interaccionnoticias.com.mx\/wp-content\/uploads\/2023\/08\/230804-Quema-de-un-vehiculo-2-1024x683.jpg?ssl=1\"\/><\/figure><\/li><li class=\"wp-block-jetpack-slideshow_slide swiper-slide\"><figure><img decoding=\"async\" src=\"data:image\/gif;base64,R0lGODlhAQABAIAAAAAAAP\/\/\/ywAAAAAAQABAAACAUwAOw==\" fifu-lazy=\"1\" fifu-data-sizes=\"auto\" fifu-data-srcset=\"https:\/\/i2.wp.com\/interaccionnoticias.com.mx\/wp-content\/uploads\/2023\/08\/230804-Quema-de-un-vehiculo-3-1024x683.jpg?ssl=1&w=75&resize=75&ssl=1 75w, https:\/\/i2.wp.com\/interaccionnoticias.com.mx\/wp-content\/uploads\/2023\/08\/230804-Quema-de-un-vehiculo-3-1024x683.jpg?ssl=1&w=100&resize=100&ssl=1 100w, https:\/\/i2.wp.com\/interaccionnoticias.com.mx\/wp-content\/uploads\/2023\/08\/230804-Quema-de-un-vehiculo-3-1024x683.jpg?ssl=1&w=150&resize=150&ssl=1 150w, https:\/\/i2.wp.com\/interaccionnoticias.com.mx\/wp-content\/uploads\/2023\/08\/230804-Quema-de-un-vehiculo-3-1024x683.jpg?ssl=1&w=240&resize=240&ssl=1 240w, https:\/\/i2.wp.com\/interaccionnoticias.com.mx\/wp-content\/uploads\/2023\/08\/230804-Quema-de-un-vehiculo-3-1024x683.jpg?ssl=1&w=320&resize=320&ssl=1 320w, https:\/\/i2.wp.com\/interaccionnoticias.com.mx\/wp-content\/uploads\/2023\/08\/230804-Quema-de-un-vehiculo-3-1024x683.jpg?ssl=1&w=500&resize=500&ssl=1 500w, https:\/\/i2.wp.com\/interaccionnoticias.com.mx\/wp-content\/uploads\/2023\/08\/230804-Quema-de-un-vehiculo-3-1024x683.jpg?ssl=1&w=640&resize=640&ssl=1 640w, https:\/\/i2.wp.com\/interaccionnoticias.com.mx\/wp-content\/uploads\/2023\/08\/230804-Quema-de-un-vehiculo-3-1024x683.jpg?ssl=1&w=800&resize=800&ssl=1 800w, https:\/\/i2.wp.com\/interaccionnoticias.com.mx\/wp-content\/uploads\/2023\/08\/230804-Quema-de-un-vehiculo-3-1024x683.jpg?ssl=1&w=1024&resize=1024&ssl=1 1024w, https:\/\/i2.wp.com\/interaccionnoticias.com.mx\/wp-content\/uploads\/2023\/08\/230804-Quema-de-un-vehiculo-3-1024x683.jpg?ssl=1&w=1280&resize=1280&ssl=1 1280w, https:\/\/i2.wp.com\/interaccionnoticias.com.mx\/wp-content\/uploads\/2023\/08\/230804-Quema-de-un-vehiculo-3-1024x683.jpg?ssl=1&w=1600&resize=1600&ssl=1 1600w\" alt=\"\" class=\"wp-block-jetpack-slideshow_image wp-image-65789\" data-id=\"65789\" fifu-data-src=\"https:\/\/i2.wp.com\/interaccionnoticias.com.mx\/wp-content\/uploads\/2023\/08\/230804-Quema-de-un-vehiculo-3-1024x683.jpg?ssl=1\"\/><\/figure><\/li><\/ul><a class=\"wp-block-jetpack-slideshow_button-prev swiper-button-prev swiper-button-white\" role=\"button\"><\/a><a class=\"wp-block-jetpack-slideshow_button-next swiper-button-next swiper-button-white\" role=\"button\"><\/a><a aria-label=\"Pause Slideshow\" class=\"wp-block-jetpack-slideshow_button-pause\" role=\"button\"><\/a><div class=\"wp-block-jetpack-slideshow_pagination swiper-pagination swiper-pagination-white\"><\/div><\/div><\/div>\n","protected":false},"excerpt":{"rendered":"<p>&#8212; Todos los accesos al puerto est\u00e1n resguardados por fuerzas federales y estatales&#8212; Quema de un veh\u00edculo, debido a fallas electromec\u00e1nicas, asegura la SSP Javier Trujillo Acapulco, Gro. \u2013 Tras&hellip; <\/p>\n","protected":false},"author":3,"featured_media":65787,"comment_status":"open","ping_status":"open","sticky":false,"template":"","format":"standard","meta":{"fifu_image_url":"","fifu_image_alt":"","footnotes":""},"categories":[27],"tags":[],"class_list":["post-65786","post","type-post","status-publish","format-standard","has-post-thumbnail","hentry","category-seguridad-publica"],"_links":{"self":[{"href":"https:\/\/www.interaccionnoticias.com.mx\/index.php?rest_route=\/wp\/v2\/posts\/65786","targetHints":{"allow":["GET"]}}],"collection":[{"href":"https:\/\/www.interaccionnoticias.com.mx\/index.php?rest_route=\/wp\/v2\/posts"}],"about":[{"href":"https:\/\/www.interaccionnoticias.com.mx\/index.php?rest_route=\/wp\/v2\/types\/post"}],"author":[{"embeddable":true,"href":"https:\/\/www.interaccionnoticias.com.mx\/index.php?rest_route=\/wp\/v2\/users\/3"}],"replies":[{"embeddable":true,"href":"https:\/\/www.interaccionnoticias.com.mx\/index.php?rest_route=%2Fwp%2Fv2%2Fcomments&post=65786"}],"version-history":[{"count":1,"href":"https:\/\/www.interaccionnoticias.com.mx\/index.php?rest_route=\/wp\/v2\/posts\/65786\/revisions"}],"predecessor-version":[{"id":65790,"href":"https:\/\/www.interaccionnoticias.com.mx\/index.php?rest_route=\/wp\/v2\/posts\/65786\/revisions\/65790"}],"wp:featuredmedia":[{"embeddable":true,"href":"https:\/\/www.interaccionnoticias.com.mx\/index.php?rest_route=\/wp\/v2\/media\/65787"}],"wp:attachment":[{"href":"https:\/\/www.interaccionnoticias.com.mx\/index.php?rest_route=%2Fwp%2Fv2%2Fmedia&parent=65786"}],"wp:term":[{"taxonomy":"category","embeddable":true,"href":"https:\/\/www.interaccionnoticias.com.mx\/index.php?rest_route=%2Fwp%2Fv2%2Fcategories&post=65786"},{"taxonomy":"post_tag","embeddable":true,"href":"https:\/\/www.interaccionnoticias.com.mx\/index.php?rest_route=%2Fwp%2Fv2%2Ftags&post=65786"}],"curies":[{"name":"wp","href":"https:\/\/api.w.org\/{rel}","templated":true}]}}