{"id":65781,"date":"2023-08-04T15:35:41","date_gmt":"2023-08-04T20:35:41","guid":{"rendered":"https:\/\/interaccionnoticias.com.mx\/?p=65781"},"modified":"2023-08-04T15:35:43","modified_gmt":"2023-08-04T20:35:43","slug":"van-seis-muertos-y-87-lesionados-durante-el-periodo-vacacional-reporta-proteccion-civil","status":"publish","type":"post","link":"https:\/\/www.interaccionnoticias.com.mx\/?p=65781","title":{"rendered":"Van seis muertos y 87 lesionados durante el periodo vacacional, reporta Protecci\u00f3n Civil"},"content":{"rendered":"\n<p><em><strong>&#8212; Hay 14 vehiculos incendiados, que no tienen relaci\u00f3n con los problemas de violencia que se viven en la entidad, precisa el doctor Roberto Arroyo Matus<\/strong><\/em><\/p>\n\n\n\n<p><strong>Rogelio Agust\u00edn<\/strong><\/p>\n\n\n\n<p>Los accidentes que se han generado en el presente periodo vacacional han dejado el saldo de seis personas muertas, 87 heridas y 14 vehiculos incendiados en diferentes puntos de la entidad.<\/p>\n\n\n\n<p>Roberto Arroyo Matus, titular de la Secretar\u00eda de Gesti\u00f3n de Riesgos y Protecci\u00f3n Civil, inform\u00f3 que desde que arranc\u00f3 el periodo vacacional, el pasado 19 de julio, el personal a su cargo se incorpor\u00f3 a las acciones encaminadas a resguardar a los residentes y visitantes que se encuentran en circulaci\u00f3n.<\/p>\n\n\n\n<p>\u201cEstamos a pie de carretera para atender cualquier contingencia, tambi\u00e9n en la zona de playas para atender a quienes lo requieran\u201d, se\u00f1al\u00f3 el funcionario.<\/p>\n\n\n\n<p>Se\u00f1al\u00f3 que del 19 de julio a la fecha, se tiene un registro de 14 indendios de vehiculos; 42 choques automovil\u00edsticos, 10 volcadoras, 13 derrapes de motocicletas y 5 atropellados.<\/p>\n\n\n\n<p>Reconoci\u00f3 que hay 87 personas lesionadas y seis lamentablemente han fallecido en los accidentes.<\/p>\n\n\n\n<p>A pregunta expresa, Arroyo Matus se\u00f1al\u00f3 que las unidades que PC reporta como incendiadas, no son las mismas que se han visto involucradas en las quemas que se relacionan con la inseguridad, se trata de estad\u00edsticas completamente diferentes.<\/p>\n\n\n\n<p>El funcionario llam\u00f3 a los turistas, ya sean nacionales o radicados en Guerrero, a no manejar con velocidades altas, por el riesgo que se tiene de encontrar lodo, superficies con agua y derrumbes en algunos tramos carreteros.<\/p>\n\n\n\n<p>Pidi\u00f3 tambi\u00e9n no manejar cansado, no consumir bebidas alcoholicas mientras se est\u00e1 al frente de un veh\u00edculo ni escrbir en los dispositivos m\u00f3viles, porque todas esas acciones con factores de riesgo para los percances.<\/p>\n\n\n\n<p>Tambi\u00e9n suguri\u00f3 verificar las condiciones en que se encuentran los vehiculos antes de salir a carretera, para disminuir el riesgo de un percance.<\/p>\n\n\n\n<p><strong>Las lluvias, sin saldo rojo, hasta el momento<\/strong><\/p>\n\n\n\n<p>Respecto a las afectaciones provocadas por las lluvias, el titular de Preotecci\u00f3n Civil se\u00f1al\u00f3 que la jornada del jueves hubo precipitaciones muy intensas en la Vcosta Chica, lo que provoc\u00f3 la ca\u00edda de \u00e1rboles y deslaves en la ruta que va de San Luis Acatl\u00e1n hacia Marquelia.<\/p>\n\n\n\n<p>Hubo un socav\u00f3n en la ruta que va de San Juan de los Llanos hacia la cabecera municipal de Cautepec, en la ruta que lleva hacia Pintotepa Nacional.<\/p>\n\n\n\n<p>En el puerto de Acapulco e Iguala se tiene el reporte de la ca\u00edda de \u00e1rboles, adem\u00e1s de los techos que el viento derrib\u00f3 en la comunidad de Caxitepec, municipio de Acatepec en la regi\u00f3n Monta\u00f1a.<\/p>\n\n\n\n<p>Por el tema de las lluvias, dijo que no se tiene el reporte de p\u00e9rdida de vidas humanas ni lesionados.<\/p>\n\n\n\n<div class=\"wp-block-jetpack-slideshow aligncenter\" data-effect=\"slide\"><div class=\"wp-block-jetpack-slideshow_container swiper-container\"><ul class=\"wp-block-jetpack-slideshow_swiper-wrapper swiper-wrapper\"><li class=\"wp-block-jetpack-slideshow_slide swiper-slide\"><figure><img decoding=\"async\" src=\"data:image\/gif;base64,R0lGODlhAQABAIAAAAAAAP\/\/\/ywAAAAAAQABAAACAUwAOw==\" fifu-lazy=\"1\" fifu-data-sizes=\"auto\" fifu-data-srcset=\"https:\/\/i2.wp.com\/interaccionnoticias.com.mx\/wp-content\/uploads\/2023\/08\/230804-periodo-vacacional-3-1024x683.jpg?ssl=1&w=75&resize=75&ssl=1 75w, https:\/\/i2.wp.com\/interaccionnoticias.com.mx\/wp-content\/uploads\/2023\/08\/230804-periodo-vacacional-3-1024x683.jpg?ssl=1&w=100&resize=100&ssl=1 100w, https:\/\/i2.wp.com\/interaccionnoticias.com.mx\/wp-content\/uploads\/2023\/08\/230804-periodo-vacacional-3-1024x683.jpg?ssl=1&w=150&resize=150&ssl=1 150w, https:\/\/i2.wp.com\/interaccionnoticias.com.mx\/wp-content\/uploads\/2023\/08\/230804-periodo-vacacional-3-1024x683.jpg?ssl=1&w=240&resize=240&ssl=1 240w, https:\/\/i2.wp.com\/interaccionnoticias.com.mx\/wp-content\/uploads\/2023\/08\/230804-periodo-vacacional-3-1024x683.jpg?ssl=1&w=320&resize=320&ssl=1 320w, https:\/\/i2.wp.com\/interaccionnoticias.com.mx\/wp-content\/uploads\/2023\/08\/230804-periodo-vacacional-3-1024x683.jpg?ssl=1&w=500&resize=500&ssl=1 500w, https:\/\/i2.wp.com\/interaccionnoticias.com.mx\/wp-content\/uploads\/2023\/08\/230804-periodo-vacacional-3-1024x683.jpg?ssl=1&w=640&resize=640&ssl=1 640w, https:\/\/i2.wp.com\/interaccionnoticias.com.mx\/wp-content\/uploads\/2023\/08\/230804-periodo-vacacional-3-1024x683.jpg?ssl=1&w=800&resize=800&ssl=1 800w, https:\/\/i2.wp.com\/interaccionnoticias.com.mx\/wp-content\/uploads\/2023\/08\/230804-periodo-vacacional-3-1024x683.jpg?ssl=1&w=1024&resize=1024&ssl=1 1024w, https:\/\/i2.wp.com\/interaccionnoticias.com.mx\/wp-content\/uploads\/2023\/08\/230804-periodo-vacacional-3-1024x683.jpg?ssl=1&w=1280&resize=1280&ssl=1 1280w, https:\/\/i2.wp.com\/interaccionnoticias.com.mx\/wp-content\/uploads\/2023\/08\/230804-periodo-vacacional-3-1024x683.jpg?ssl=1&w=1600&resize=1600&ssl=1 1600w\" alt=\"\" class=\"wp-block-jetpack-slideshow_image wp-image-65784\" data-id=\"65784\" fifu-data-src=\"https:\/\/i2.wp.com\/interaccionnoticias.com.mx\/wp-content\/uploads\/2023\/08\/230804-periodo-vacacional-3-1024x683.jpg?ssl=1\"\/><\/figure><\/li><li class=\"wp-block-jetpack-slideshow_slide swiper-slide\"><figure><img decoding=\"async\" src=\"data:image\/gif;base64,R0lGODlhAQABAIAAAAAAAP\/\/\/ywAAAAAAQABAAACAUwAOw==\" fifu-lazy=\"1\" fifu-data-sizes=\"auto\" fifu-data-srcset=\"https:\/\/i0.wp.com\/interaccionnoticias.com.mx\/wp-content\/uploads\/2023\/08\/230804-periodo-vacacional-2-1024x683.jpg?ssl=1&w=75&resize=75&ssl=1 75w, https:\/\/i0.wp.com\/interaccionnoticias.com.mx\/wp-content\/uploads\/2023\/08\/230804-periodo-vacacional-2-1024x683.jpg?ssl=1&w=100&resize=100&ssl=1 100w, https:\/\/i0.wp.com\/interaccionnoticias.com.mx\/wp-content\/uploads\/2023\/08\/230804-periodo-vacacional-2-1024x683.jpg?ssl=1&w=150&resize=150&ssl=1 150w, https:\/\/i0.wp.com\/interaccionnoticias.com.mx\/wp-content\/uploads\/2023\/08\/230804-periodo-vacacional-2-1024x683.jpg?ssl=1&w=240&resize=240&ssl=1 240w, https:\/\/i0.wp.com\/interaccionnoticias.com.mx\/wp-content\/uploads\/2023\/08\/230804-periodo-vacacional-2-1024x683.jpg?ssl=1&w=320&resize=320&ssl=1 320w, https:\/\/i0.wp.com\/interaccionnoticias.com.mx\/wp-content\/uploads\/2023\/08\/230804-periodo-vacacional-2-1024x683.jpg?ssl=1&w=500&resize=500&ssl=1 500w, https:\/\/i0.wp.com\/interaccionnoticias.com.mx\/wp-content\/uploads\/2023\/08\/230804-periodo-vacacional-2-1024x683.jpg?ssl=1&w=640&resize=640&ssl=1 640w, https:\/\/i0.wp.com\/interaccionnoticias.com.mx\/wp-content\/uploads\/2023\/08\/230804-periodo-vacacional-2-1024x683.jpg?ssl=1&w=800&resize=800&ssl=1 800w, https:\/\/i0.wp.com\/interaccionnoticias.com.mx\/wp-content\/uploads\/2023\/08\/230804-periodo-vacacional-2-1024x683.jpg?ssl=1&w=1024&resize=1024&ssl=1 1024w, https:\/\/i0.wp.com\/interaccionnoticias.com.mx\/wp-content\/uploads\/2023\/08\/230804-periodo-vacacional-2-1024x683.jpg?ssl=1&w=1280&resize=1280&ssl=1 1280w, https:\/\/i0.wp.com\/interaccionnoticias.com.mx\/wp-content\/uploads\/2023\/08\/230804-periodo-vacacional-2-1024x683.jpg?ssl=1&w=1600&resize=1600&ssl=1 1600w\" alt=\"\" class=\"wp-block-jetpack-slideshow_image wp-image-65783\" data-id=\"65783\" fifu-data-src=\"https:\/\/i0.wp.com\/interaccionnoticias.com.mx\/wp-content\/uploads\/2023\/08\/230804-periodo-vacacional-2-1024x683.jpg?ssl=1\"\/><\/figure><\/li><li class=\"wp-block-jetpack-slideshow_slide swiper-slide\"><figure><img decoding=\"async\" src=\"data:image\/gif;base64,R0lGODlhAQABAIAAAAAAAP\/\/\/ywAAAAAAQABAAACAUwAOw==\" fifu-lazy=\"1\" fifu-data-sizes=\"auto\" fifu-data-srcset=\"https:\/\/i3.wp.com\/interaccionnoticias.com.mx\/wp-content\/uploads\/2023\/08\/230804-periodo-vacacional-1-1024x683.jpg?ssl=1&w=75&resize=75&ssl=1 75w, https:\/\/i3.wp.com\/interaccionnoticias.com.mx\/wp-content\/uploads\/2023\/08\/230804-periodo-vacacional-1-1024x683.jpg?ssl=1&w=100&resize=100&ssl=1 100w, https:\/\/i3.wp.com\/interaccionnoticias.com.mx\/wp-content\/uploads\/2023\/08\/230804-periodo-vacacional-1-1024x683.jpg?ssl=1&w=150&resize=150&ssl=1 150w, https:\/\/i3.wp.com\/interaccionnoticias.com.mx\/wp-content\/uploads\/2023\/08\/230804-periodo-vacacional-1-1024x683.jpg?ssl=1&w=240&resize=240&ssl=1 240w, https:\/\/i3.wp.com\/interaccionnoticias.com.mx\/wp-content\/uploads\/2023\/08\/230804-periodo-vacacional-1-1024x683.jpg?ssl=1&w=320&resize=320&ssl=1 320w, https:\/\/i3.wp.com\/interaccionnoticias.com.mx\/wp-content\/uploads\/2023\/08\/230804-periodo-vacacional-1-1024x683.jpg?ssl=1&w=500&resize=500&ssl=1 500w, https:\/\/i3.wp.com\/interaccionnoticias.com.mx\/wp-content\/uploads\/2023\/08\/230804-periodo-vacacional-1-1024x683.jpg?ssl=1&w=640&resize=640&ssl=1 640w, https:\/\/i3.wp.com\/interaccionnoticias.com.mx\/wp-content\/uploads\/2023\/08\/230804-periodo-vacacional-1-1024x683.jpg?ssl=1&w=800&resize=800&ssl=1 800w, https:\/\/i3.wp.com\/interaccionnoticias.com.mx\/wp-content\/uploads\/2023\/08\/230804-periodo-vacacional-1-1024x683.jpg?ssl=1&w=1024&resize=1024&ssl=1 1024w, https:\/\/i3.wp.com\/interaccionnoticias.com.mx\/wp-content\/uploads\/2023\/08\/230804-periodo-vacacional-1-1024x683.jpg?ssl=1&w=1280&resize=1280&ssl=1 1280w, https:\/\/i3.wp.com\/interaccionnoticias.com.mx\/wp-content\/uploads\/2023\/08\/230804-periodo-vacacional-1-1024x683.jpg?ssl=1&w=1600&resize=1600&ssl=1 1600w\" alt=\"\" class=\"wp-block-jetpack-slideshow_image wp-image-65782\" data-id=\"65782\" fifu-data-src=\"https:\/\/i3.wp.com\/interaccionnoticias.com.mx\/wp-content\/uploads\/2023\/08\/230804-periodo-vacacional-1-1024x683.jpg?ssl=1\"\/><\/figure><\/li><\/ul><a class=\"wp-block-jetpack-slideshow_button-prev swiper-button-prev swiper-button-white\" role=\"button\"><\/a><a class=\"wp-block-jetpack-slideshow_button-next swiper-button-next swiper-button-white\" role=\"button\"><\/a><a aria-label=\"Pause Slideshow\" class=\"wp-block-jetpack-slideshow_button-pause\" role=\"button\"><\/a><div class=\"wp-block-jetpack-slideshow_pagination swiper-pagination swiper-pagination-white\"><\/div><\/div><\/div>\n","protected":false},"excerpt":{"rendered":"<p>&#8212; Hay 14 vehiculos incendiados, que no tienen relaci\u00f3n con los problemas de violencia que se viven en la entidad, precisa el doctor Roberto Arroyo Matus Rogelio Agust\u00edn Los accidentes&hellip; <\/p>\n","protected":false},"author":21,"featured_media":65784,"comment_status":"open","ping_status":"open","sticky":false,"template":"","format":"standard","meta":{"fifu_image_url":"","fifu_image_alt":"","footnotes":""},"categories":[11],"tags":[],"class_list":["post-65781","post","type-post","status-publish","format-standard","has-post-thumbnail","hentry","category-guerrero"],"_links":{"self":[{"href":"https:\/\/www.interaccionnoticias.com.mx\/index.php?rest_route=\/wp\/v2\/posts\/65781","targetHints":{"allow":["GET"]}}],"collection":[{"href":"https:\/\/www.interaccionnoticias.com.mx\/index.php?rest_route=\/wp\/v2\/posts"}],"about":[{"href":"https:\/\/www.interaccionnoticias.com.mx\/index.php?rest_route=\/wp\/v2\/types\/post"}],"author":[{"embeddable":true,"href":"https:\/\/www.interaccionnoticias.com.mx\/index.php?rest_route=\/wp\/v2\/users\/21"}],"replies":[{"embeddable":true,"href":"https:\/\/www.interaccionnoticias.com.mx\/index.php?rest_route=%2Fwp%2Fv2%2Fcomments&post=65781"}],"version-history":[{"count":1,"href":"https:\/\/www.interaccionnoticias.com.mx\/index.php?rest_route=\/wp\/v2\/posts\/65781\/revisions"}],"predecessor-version":[{"id":65785,"href":"https:\/\/www.interaccionnoticias.com.mx\/index.php?rest_route=\/wp\/v2\/posts\/65781\/revisions\/65785"}],"wp:featuredmedia":[{"embeddable":true,"href":"https:\/\/www.interaccionnoticias.com.mx\/index.php?rest_route=\/wp\/v2\/media\/65784"}],"wp:attachment":[{"href":"https:\/\/www.interaccionnoticias.com.mx\/index.php?rest_route=%2Fwp%2Fv2%2Fmedia&parent=65781"}],"wp:term":[{"taxonomy":"category","embeddable":true,"href":"https:\/\/www.interaccionnoticias.com.mx\/index.php?rest_route=%2Fwp%2Fv2%2Fcategories&post=65781"},{"taxonomy":"post_tag","embeddable":true,"href":"https:\/\/www.interaccionnoticias.com.mx\/index.php?rest_route=%2Fwp%2Fv2%2Ftags&post=65781"}],"curies":[{"name":"wp","href":"https:\/\/api.w.org\/{rel}","templated":true}]}}