{"id":65778,"date":"2023-08-04T15:21:42","date_gmt":"2023-08-04T20:21:42","guid":{"rendered":"https:\/\/interaccionnoticias.com.mx\/?p=65778"},"modified":"2023-08-04T15:21:44","modified_gmt":"2023-08-04T20:21:44","slug":"avanza-gobierno-de-guerrero-en-la-puesta-en-marcha-del-rastro-regional-de-acapulco","status":"publish","type":"post","link":"https:\/\/www.interaccionnoticias.com.mx\/?p=65778","title":{"rendered":"Avanza gobierno de Guerrero en la puesta en marcha del Rastro Regional de Acapulco"},"content":{"rendered":"\n<p><strong>Acapulco, Gro., 04 de agosto de 2023.-<\/strong> Para dar seguimiento al proceso de licitaci\u00f3n y operaci\u00f3n del Rastro Regional Tipo Inspecci\u00f3n Federal (TIF) en Acapulco, se reunieron funcionarios de la Secretar\u00eda de Desarrollo Urbano, Obras P\u00fablicas y Ordenamiento Territorial, y de la Secretar\u00eda de Agricultura, Ganader\u00eda, Pesca y Desarrollo Rural, con representantes de los gobiernos federal y municipal.<\/p>\n\n\n\n<p>Durante el encuentro, se acordaron los t\u00e9rminos del convenio de coordinaci\u00f3n para llevar a cabo la licitaci\u00f3n conjunta y la puesta en operaci\u00f3n del Rastro Regional, paso que permitir\u00e1 establecer un marco de colaboraci\u00f3n s\u00f3lido y eficiente entre los diferentes niveles de gobierno, con el fin de asegurar el adecuado funcionamiento de esa instalaci\u00f3n fundamental para la actividad ganadera y de inspecci\u00f3n sanitaria en la regi\u00f3n.<\/p>\n\n\n\n<p>El convenio es un paso relevante para avanzar en la puesta en marcha de esa infraestructura que permitir\u00e1 el desarrollo agropecuario y ganadero de Acapulco y sus alrededores, ya que ser\u00e1 un pilar fundamental para garantizar la calidad y salubridad en la producci\u00f3n y comercializaci\u00f3n de productos c\u00e1rnicos, generando beneficios tanto para los productores como para los consumidores.<\/p>\n\n\n\n<p>Se destac\u00f3 la importancia de esta iniciativa y el compromiso de todas las partes involucradas para garantizar la calidad y seguridad alimentaria en la producci\u00f3n ganadera del \u00e1rea.<\/p>\n\n\n\n<p>A la reuni\u00f3n asistieron Alejandro Zepeda Castorena, secretario de Agricultura, Ganader\u00eda, Pesca y Desarrollo Rural; Wilfrido N\u00e1jera Lomel\u00ed, subdelegado Agropecuario del gobierno federal en Guerrero; Sa\u00fal Mont\u00fafar, subsecretario de Normatividad Jur\u00eddica de la Secretar\u00eda de la Contralor\u00eda y Transparencia Gubernamental; Ambrosio Hern\u00e1ndez, director de Asuntos Jur\u00eddicos de la Secretar\u00eda de Desarrollo Urbano, Obras P\u00fablicas y Ordenamiento Territorial; Martha Rodr\u00edguez, subconsejera de Atenci\u00f3n a Procesos Jur\u00eddicos; Gabriel L\u00f3pez, asesor jur\u00eddico de la Secretaria de Finanzas y Administraci\u00f3n; Fausto Olivares Huerta, comisionado de la CO-PRISSEG; Daniel Castillo de la Rosa, jefe de la Oficina de la Presidencia Municipal de Acapulco, y Luz Mar\u00eda Meraza Radilla, secretaria de Desarrollo Urbano y Obras P\u00fablicas.<\/p>\n","protected":false},"excerpt":{"rendered":"<p>Acapulco, Gro., 04 de agosto de 2023.- Para dar seguimiento al proceso de licitaci\u00f3n y operaci\u00f3n del Rastro Regional Tipo Inspecci\u00f3n Federal (TIF) en Acapulco, se reunieron funcionarios de la&hellip; <\/p>\n","protected":false},"author":19,"featured_media":65779,"comment_status":"open","ping_status":"open","sticky":false,"template":"","format":"standard","meta":{"fifu_image_url":"","fifu_image_alt":"","footnotes":""},"categories":[242],"tags":[],"class_list":["post-65778","post","type-post","status-publish","format-standard","has-post-thumbnail","hentry","category-acapulco"],"_links":{"self":[{"href":"https:\/\/www.interaccionnoticias.com.mx\/index.php?rest_route=\/wp\/v2\/posts\/65778","targetHints":{"allow":["GET"]}}],"collection":[{"href":"https:\/\/www.interaccionnoticias.com.mx\/index.php?rest_route=\/wp\/v2\/posts"}],"about":[{"href":"https:\/\/www.interaccionnoticias.com.mx\/index.php?rest_route=\/wp\/v2\/types\/post"}],"author":[{"embeddable":true,"href":"https:\/\/www.interaccionnoticias.com.mx\/index.php?rest_route=\/wp\/v2\/users\/19"}],"replies":[{"embeddable":true,"href":"https:\/\/www.interaccionnoticias.com.mx\/index.php?rest_route=%2Fwp%2Fv2%2Fcomments&post=65778"}],"version-history":[{"count":1,"href":"https:\/\/www.interaccionnoticias.com.mx\/index.php?rest_route=\/wp\/v2\/posts\/65778\/revisions"}],"predecessor-version":[{"id":65780,"href":"https:\/\/www.interaccionnoticias.com.mx\/index.php?rest_route=\/wp\/v2\/posts\/65778\/revisions\/65780"}],"wp:featuredmedia":[{"embeddable":true,"href":"https:\/\/www.interaccionnoticias.com.mx\/index.php?rest_route=\/wp\/v2\/media\/65779"}],"wp:attachment":[{"href":"https:\/\/www.interaccionnoticias.com.mx\/index.php?rest_route=%2Fwp%2Fv2%2Fmedia&parent=65778"}],"wp:term":[{"taxonomy":"category","embeddable":true,"href":"https:\/\/www.interaccionnoticias.com.mx\/index.php?rest_route=%2Fwp%2Fv2%2Fcategories&post=65778"},{"taxonomy":"post_tag","embeddable":true,"href":"https:\/\/www.interaccionnoticias.com.mx\/index.php?rest_route=%2Fwp%2Fv2%2Ftags&post=65778"}],"curies":[{"name":"wp","href":"https:\/\/api.w.org\/{rel}","templated":true}]}}