{"id":6566,"date":"2017-07-18T15:11:12","date_gmt":"2017-07-18T20:11:12","guid":{"rendered":"http:\/\/www.inter-accion.com.mx\/?p=6566"},"modified":"2017-07-18T15:11:12","modified_gmt":"2017-07-18T20:11:12","slug":"pablo-higuera-en-la-secundaria-eduardo-neri-inauguro-el-techado-de-la-cancha","status":"publish","type":"post","link":"https:\/\/www.interaccionnoticias.com.mx\/?p=6566","title":{"rendered":"Pablo Higuera en la secundaria Eduardo Neri inaugur\u00f3 el techado de la cancha"},"content":{"rendered":"<p>Despu\u00e9s de un mes y medio de trabajo el d\u00eda de hoy el alcalde de Eduardo Neri Pablo Higuera Fuentes, inaugur\u00f3 el techado de la cancha principal de la Escuela Secundaria \u201cEduardo Neri\u201d, el acto se efectu\u00f3 durante la clausura de cursos de la generaci\u00f3n \u00abOsziel Aquino Villanueva 2014-2017\u201d en su turno Vespertino.<br \/>\nEn su mensaje como padrino de generaci\u00f3n el edil expres\u00f3, \u201cel trabajo que estamos realizando para la educaci\u00f3n en Eduardo Neri est\u00e1 marcado por una nueva era, donde ahora la educaci\u00f3n para esta administraci\u00f3n es prioridad\u201d.<br \/>\nPor su parte el profesor Salvador Mar\u00edn y Subdirector de la instituci\u00f3n en su turno vespertino, entreg\u00f3 un reconocimiento al alcalde por su trabajo y empe\u00f1o que est\u00e1 poniendo en el sector educativo labor importante dentro de la sociedad civil.<br \/>\nEn dicha actividad estuvieron presentes la Sra. Natividad L\u00f3pez Gonz\u00e1lez presidenta del DIF Municipal, Jos\u00e9 Luis S\u00e1nchez Goytia Secretario General, Carlos S\u00e1nchez Regidor de Obras P\u00fablicas, Eugenio V\u00e1zquez de Jes\u00fas Regidor de atenci\u00f3n a los migrantes al igual que algunos directores de la administraci\u00f3n.&nbsp;<\/p>\n","protected":false},"excerpt":{"rendered":"<p>Despu\u00e9s de un mes y medio de trabajo el d\u00eda de hoy el alcalde de Eduardo Neri Pablo Higuera Fuentes, inaugur\u00f3 el techado de la cancha principal de la Escuela&hellip; <\/p>\n","protected":false},"author":1,"featured_media":0,"comment_status":"closed","ping_status":"closed","sticky":false,"template":"","format":"standard","meta":{"fifu_image_url":"","fifu_image_alt":"","footnotes":""},"categories":[23],"tags":[],"class_list":["post-6566","post","type-post","status-publish","format-standard","hentry","category-regionales"],"_links":{"self":[{"href":"https:\/\/www.interaccionnoticias.com.mx\/index.php?rest_route=\/wp\/v2\/posts\/6566","targetHints":{"allow":["GET"]}}],"collection":[{"href":"https:\/\/www.interaccionnoticias.com.mx\/index.php?rest_route=\/wp\/v2\/posts"}],"about":[{"href":"https:\/\/www.interaccionnoticias.com.mx\/index.php?rest_route=\/wp\/v2\/types\/post"}],"author":[{"embeddable":true,"href":"https:\/\/www.interaccionnoticias.com.mx\/index.php?rest_route=\/wp\/v2\/users\/1"}],"replies":[{"embeddable":true,"href":"https:\/\/www.interaccionnoticias.com.mx\/index.php?rest_route=%2Fwp%2Fv2%2Fcomments&post=6566"}],"version-history":[{"count":0,"href":"https:\/\/www.interaccionnoticias.com.mx\/index.php?rest_route=\/wp\/v2\/posts\/6566\/revisions"}],"wp:attachment":[{"href":"https:\/\/www.interaccionnoticias.com.mx\/index.php?rest_route=%2Fwp%2Fv2%2Fmedia&parent=6566"}],"wp:term":[{"taxonomy":"category","embeddable":true,"href":"https:\/\/www.interaccionnoticias.com.mx\/index.php?rest_route=%2Fwp%2Fv2%2Fcategories&post=6566"},{"taxonomy":"post_tag","embeddable":true,"href":"https:\/\/www.interaccionnoticias.com.mx\/index.php?rest_route=%2Fwp%2Fv2%2Ftags&post=6566"}],"curies":[{"name":"wp","href":"https:\/\/api.w.org\/{rel}","templated":true}]}}