{"id":6563,"date":"2017-07-17T23:54:35","date_gmt":"2017-07-18T04:54:35","guid":{"rendered":"http:\/\/www.inter-accion.com.mx\/?p=6563"},"modified":"2017-07-17T23:54:35","modified_gmt":"2017-07-18T04:54:35","slug":"con-marcha-exigen-la-atencion-a-damnificados-desde-2013","status":"publish","type":"post","link":"https:\/\/www.interaccionnoticias.com.mx\/?p=6563","title":{"rendered":"Con marcha exigen la atenci\u00f3n a damnificados desde 2013"},"content":{"rendered":"<p>Van hacia el ayuntamiento y la Comisi\u00f3n de Derechos Humanos<br \/>\nCon una marcha, habitantes de comunidades afectadas por las tormentas registradas en septiembre de 2013 exigieron que se atiendan las necesidades que arrastran, ante la falta de respaldo institucional.<br \/>\nIncorporados a la Asamblea Popular de los Pueblos de Guerrero (APPG), habitantes de la comunidad de San Vicente, que fue dictaminada como inhabitable tras el reblandecimiento del suelo a consecuencia de las lluvias provocadas por la tormenta tropical Manuel, se concentraron en el teatro hundido de la alameda Granados Maldonado.<br \/>\nEllos denunciaron que llevan casi cuatro a\u00f1os en condiciones de riesgo permanente, ya que quedaron fuera de las acciones programadas por la Secretar\u00eda de Desarrollo Agrario Territorial y Urbano (SEDATU), pese a que la reubicaci\u00f3n de 578 familias era necesaria.<br \/>\nLos de San Vicente estuvieron acompa\u00f1ados por representantes de comunidades como Ahuejitos, Huacalapa y Coapango, que corresponden a Chilpancingo.<br \/>\nLos habitantes de esas comunidades tambi\u00e9n solicitaron la liberaci\u00f3n de apoyos para el campo, principalmente la entrega de fertilizante y acciones compensatorias, ofrecidas a los pueblos que permiten el suministro de agua potable para la capital.&nbsp;&nbsp;&nbsp;<br \/>\nTambi\u00e9n llegaron habitantes de del fraccionamiento El Mirador, en donde se reportan da\u00f1os estructurales en varias de las viviendas entregadas a familias afectadas por la creciente del r\u00edo Huacapa, en el lado norte de Chilpancingo.<br \/>\nAunque son varios los meses en que se report\u00f3 que algunas viviendas registran un deterioro importante, hasta el momento no se ha realizado ninguna revisi\u00f3n en ellas.<br \/>\n\u201cYa les hemos dicho que son varias las casas que se est\u00e1n cayendo pero no nos atienden, eso nos tiene sumamente molestos\u201d, indic\u00f3 el dirigente de la APPG, Nicol\u00e1s Ch\u00e1vez Adame.&nbsp;&nbsp;<br \/>\nDe primera instancia, los manifestantes buscaron una reuni\u00f3n con el alcalde Marco Antonio Leyva Mena, despu\u00e9s se dirigieron hacia la Comisi\u00f3n Estatal de Derechos Humanos de Guerrero (CEDHG), para presentar una queja por la violaci\u00f3n que representa la falta de atenci\u00f3n a sus necesidades.<\/p>\n<table>\n<tbody>\n<tr>\n<td>&nbsp;<\/td>\n<td>&nbsp;<\/td>\n<\/tr>\n<\/tbody>\n<\/table>\n","protected":false},"excerpt":{"rendered":"<p>Van hacia el ayuntamiento y la Comisi\u00f3n de Derechos Humanos Con una marcha, habitantes de comunidades afectadas por las tormentas registradas en septiembre de 2013 exigieron que se atiendan las&hellip; <\/p>\n","protected":false},"author":1,"featured_media":0,"comment_status":"closed","ping_status":"closed","sticky":false,"template":"","format":"standard","meta":{"fifu_image_url":"","fifu_image_alt":"","footnotes":""},"categories":[8,15],"tags":[],"class_list":["post-6563","post","type-post","status-publish","format-standard","hentry","category-featured","category-movimientos-sociales"],"_links":{"self":[{"href":"https:\/\/www.interaccionnoticias.com.mx\/index.php?rest_route=\/wp\/v2\/posts\/6563","targetHints":{"allow":["GET"]}}],"collection":[{"href":"https:\/\/www.interaccionnoticias.com.mx\/index.php?rest_route=\/wp\/v2\/posts"}],"about":[{"href":"https:\/\/www.interaccionnoticias.com.mx\/index.php?rest_route=\/wp\/v2\/types\/post"}],"author":[{"embeddable":true,"href":"https:\/\/www.interaccionnoticias.com.mx\/index.php?rest_route=\/wp\/v2\/users\/1"}],"replies":[{"embeddable":true,"href":"https:\/\/www.interaccionnoticias.com.mx\/index.php?rest_route=%2Fwp%2Fv2%2Fcomments&post=6563"}],"version-history":[{"count":0,"href":"https:\/\/www.interaccionnoticias.com.mx\/index.php?rest_route=\/wp\/v2\/posts\/6563\/revisions"}],"wp:attachment":[{"href":"https:\/\/www.interaccionnoticias.com.mx\/index.php?rest_route=%2Fwp%2Fv2%2Fmedia&parent=6563"}],"wp:term":[{"taxonomy":"category","embeddable":true,"href":"https:\/\/www.interaccionnoticias.com.mx\/index.php?rest_route=%2Fwp%2Fv2%2Fcategories&post=6563"},{"taxonomy":"post_tag","embeddable":true,"href":"https:\/\/www.interaccionnoticias.com.mx\/index.php?rest_route=%2Fwp%2Fv2%2Ftags&post=6563"}],"curies":[{"name":"wp","href":"https:\/\/api.w.org\/{rel}","templated":true}]}}