{"id":65543,"date":"2023-08-01T16:00:39","date_gmt":"2023-08-01T21:00:39","guid":{"rendered":"https:\/\/interaccionnoticias.com.mx\/?p=65543"},"modified":"2023-08-01T16:00:40","modified_gmt":"2023-08-01T21:00:40","slug":"reportan-taxi-en-llamas-en-la-carretera-federal-mexico-acapulco-en-tierra-colorada","status":"publish","type":"post","link":"https:\/\/www.interaccionnoticias.com.mx\/?p=65543","title":{"rendered":"Reportan taxi en llamas en la carretera federal M\u00e9xico-Acapulco, en Tierra Colorada"},"content":{"rendered":"\n<p><strong><em>&#8212; El segundo de la semana en Juan R. Escudero, muncipios disputado por Tlacos y Ardillos<\/em><\/strong><\/p>\n\n\n\n<p><strong>Rogelio Agust\u00edn<\/strong><\/p>\n\n\n\n<p>Usuarios de la carretera federal M\u00e9xico-Acapulco reportaron la localizaci\u00f3n de un taxi en llamas, en las inmediaciones de Tierra Colorada, municipio de Juan R. Escudero.<\/p>\n\n\n\n<p>Alrededor de las 13:30 horas, automovislistas que circulaban sobre la carretera federal captaron la image de una unidad del transporte p\u00fablico en llamas.<\/p>\n\n\n\n<p>El hallazgo se registr\u00f3 en el kil\u00f3metro 83 de la carretera federal M\u00e9xico-Acapuco, a la altura de la comunidad del Play\u00f3n, perteneciente al municipio de Juan R. Escudero.<\/p>\n\n\n\n<p>Hasta el momento se desconoce el paradero del chofer.<\/p>\n\n\n\n<p>La jornada del lunes 31 de julio, pasado el mediod\u00eda, en el sitio de taxis n\u00famero 1 \u201cJuan R. Escudero\u201d, otro taxi fue incendiado por desconocidos, aunque el chofer alcanz\u00f3 a escapar para ponerse a salvo.<\/p>\n\n\n\n<p>La tarde del lunes, los sitios de taxis y de urvans en Tierra Colorada, cabecera municipal de Juan R. Escudero dejaron de prestar servicio, por el miedo que gener\u00f3 dicho ataque.<\/p>\n\n\n\n<p>La ma\u00f1ana del martes 1 de julio, en redes sociales, el empresariado local y los l\u00edderes del transporte llamaron a no generar psicosis entre la sociedad, por lo que se plantearon reanudar el servicio y convocaron a reabrir todos los negocios que bajaron sus cortinas por el factor miedo.<\/p>\n\n\n\n<p>Para las 13:30 horas se gener\u00f3 la quema de la unidad en la carretera federal.<\/p>\n\n\n\n<p>Tierra Colorada est\u00e1 en la zona que actualmente se disputan dos grupos delictivos; Ardillos y Tlacos.<\/p>\n\n\n\n<p>El fin de semana hubo dos unidades tipo urvan calcinadas en la cabecera municipal de Tixtla.<\/p>\n","protected":false},"excerpt":{"rendered":"<p>&#8212; El segundo de la semana en Juan R. Escudero, muncipios disputado por Tlacos y Ardillos Rogelio Agust\u00edn Usuarios de la carretera federal M\u00e9xico-Acapulco reportaron la localizaci\u00f3n de un taxi&hellip; <\/p>\n","protected":false},"author":21,"featured_media":65544,"comment_status":"open","ping_status":"open","sticky":false,"template":"","format":"standard","meta":{"fifu_image_url":"","fifu_image_alt":"","footnotes":""},"categories":[27],"tags":[],"class_list":["post-65543","post","type-post","status-publish","format-standard","has-post-thumbnail","hentry","category-seguridad-publica"],"_links":{"self":[{"href":"https:\/\/www.interaccionnoticias.com.mx\/index.php?rest_route=\/wp\/v2\/posts\/65543","targetHints":{"allow":["GET"]}}],"collection":[{"href":"https:\/\/www.interaccionnoticias.com.mx\/index.php?rest_route=\/wp\/v2\/posts"}],"about":[{"href":"https:\/\/www.interaccionnoticias.com.mx\/index.php?rest_route=\/wp\/v2\/types\/post"}],"author":[{"embeddable":true,"href":"https:\/\/www.interaccionnoticias.com.mx\/index.php?rest_route=\/wp\/v2\/users\/21"}],"replies":[{"embeddable":true,"href":"https:\/\/www.interaccionnoticias.com.mx\/index.php?rest_route=%2Fwp%2Fv2%2Fcomments&post=65543"}],"version-history":[{"count":1,"href":"https:\/\/www.interaccionnoticias.com.mx\/index.php?rest_route=\/wp\/v2\/posts\/65543\/revisions"}],"predecessor-version":[{"id":65545,"href":"https:\/\/www.interaccionnoticias.com.mx\/index.php?rest_route=\/wp\/v2\/posts\/65543\/revisions\/65545"}],"wp:featuredmedia":[{"embeddable":true,"href":"https:\/\/www.interaccionnoticias.com.mx\/index.php?rest_route=\/wp\/v2\/media\/65544"}],"wp:attachment":[{"href":"https:\/\/www.interaccionnoticias.com.mx\/index.php?rest_route=%2Fwp%2Fv2%2Fmedia&parent=65543"}],"wp:term":[{"taxonomy":"category","embeddable":true,"href":"https:\/\/www.interaccionnoticias.com.mx\/index.php?rest_route=%2Fwp%2Fv2%2Fcategories&post=65543"},{"taxonomy":"post_tag","embeddable":true,"href":"https:\/\/www.interaccionnoticias.com.mx\/index.php?rest_route=%2Fwp%2Fv2%2Ftags&post=65543"}],"curies":[{"name":"wp","href":"https:\/\/api.w.org\/{rel}","templated":true}]}}