{"id":65534,"date":"2023-08-01T15:52:52","date_gmt":"2023-08-01T20:52:52","guid":{"rendered":"https:\/\/interaccionnoticias.com.mx\/?p=65534"},"modified":"2023-08-01T15:52:54","modified_gmt":"2023-08-01T20:52:54","slug":"tromba-deja-sin-techo-a-siete-viviendas-en-caxitepec-en-la-montana-de-guerrero","status":"publish","type":"post","link":"https:\/\/www.interaccionnoticias.com.mx\/?p=65534","title":{"rendered":"Tromba deja sin techo a siete viviendas en Caxitepec, en la Monta\u00f1a de Guerrero"},"content":{"rendered":"\n<p><strong><em>&#8212; Las familias piden el apoyo de las autoridades<\/em><\/strong><\/p>\n\n\n\n<p><strong>Rogelio Agust\u00edn<\/strong><\/p>\n\n\n\n<p>Una tromba registrada la tarde-noche del domingo 30 de julio dej\u00f3 sin techo a siete viviendas de la comunidad de Caxitepec, en el municipio de Acatepec, las familias afectadas solicitan el apoyo del Ayuntamiento y del Gobierno de Guerrero.<\/p>\n\n\n\n<p>Eufemio Ces\u00e1reo S\u00e1nchez, promotor comunitario, se\u00f1al\u00f3 que la jornada del domingo, en esa parte de la Monta\u00f1a alta se registr\u00f3 una lluvia intensa con vientos muy fuertes, mismos que desprendieron los techos de l\u00e1mina de siete viviendas, lo que provoc\u00f3 que se mojaran las pertenencias de las familias que las habitan.<\/p>\n\n\n\n<p>Ces\u00e1reo S\u00e1nchez indic\u00f3 que Caxitepec es una comunidad de dificil acceso, que a pesar de tener una poblaci\u00f3n numerosa, carece de servicios elementales, como la energ\u00eda el\u00e9ctrica, agua potable y drenaje.<\/p>\n\n\n\n<p>A dos d\u00edas de la tromba, dijo que las familias afectadas han encontrado refugio en casas de familiares y vecinos, sin embargo, necesitan el apoyo institucional para volver a colocar sus techos y recuperar las pocas pertenencias que perdieron durante la precipitaci\u00f3n.<\/p>\n\n\n\n<p>Por esa raz\u00f3n, solicit\u00f3 la presencia en dicha comunidad de funcionarios del Ayuntamiento y del Gobierno de Guerrero, para que los afectados no permanezcan en el despamparo.<\/p>\n","protected":false},"excerpt":{"rendered":"<p>&#8212; Las familias piden el apoyo de las autoridades Rogelio Agust\u00edn Una tromba registrada la tarde-noche del domingo 30 de julio dej\u00f3 sin techo a siete viviendas de la comunidad&hellip; <\/p>\n","protected":false},"author":21,"featured_media":65535,"comment_status":"open","ping_status":"open","sticky":false,"template":"","format":"standard","meta":{"fifu_image_url":"","fifu_image_alt":"","footnotes":""},"categories":[9],"tags":[],"class_list":["post-65534","post","type-post","status-publish","format-standard","has-post-thumbnail","hentry","category-fenomenos-naturales"],"_links":{"self":[{"href":"https:\/\/www.interaccionnoticias.com.mx\/index.php?rest_route=\/wp\/v2\/posts\/65534","targetHints":{"allow":["GET"]}}],"collection":[{"href":"https:\/\/www.interaccionnoticias.com.mx\/index.php?rest_route=\/wp\/v2\/posts"}],"about":[{"href":"https:\/\/www.interaccionnoticias.com.mx\/index.php?rest_route=\/wp\/v2\/types\/post"}],"author":[{"embeddable":true,"href":"https:\/\/www.interaccionnoticias.com.mx\/index.php?rest_route=\/wp\/v2\/users\/21"}],"replies":[{"embeddable":true,"href":"https:\/\/www.interaccionnoticias.com.mx\/index.php?rest_route=%2Fwp%2Fv2%2Fcomments&post=65534"}],"version-history":[{"count":1,"href":"https:\/\/www.interaccionnoticias.com.mx\/index.php?rest_route=\/wp\/v2\/posts\/65534\/revisions"}],"predecessor-version":[{"id":65536,"href":"https:\/\/www.interaccionnoticias.com.mx\/index.php?rest_route=\/wp\/v2\/posts\/65534\/revisions\/65536"}],"wp:featuredmedia":[{"embeddable":true,"href":"https:\/\/www.interaccionnoticias.com.mx\/index.php?rest_route=\/wp\/v2\/media\/65535"}],"wp:attachment":[{"href":"https:\/\/www.interaccionnoticias.com.mx\/index.php?rest_route=%2Fwp%2Fv2%2Fmedia&parent=65534"}],"wp:term":[{"taxonomy":"category","embeddable":true,"href":"https:\/\/www.interaccionnoticias.com.mx\/index.php?rest_route=%2Fwp%2Fv2%2Fcategories&post=65534"},{"taxonomy":"post_tag","embeddable":true,"href":"https:\/\/www.interaccionnoticias.com.mx\/index.php?rest_route=%2Fwp%2Fv2%2Ftags&post=65534"}],"curies":[{"name":"wp","href":"https:\/\/api.w.org\/{rel}","templated":true}]}}