{"id":65530,"date":"2023-08-01T13:43:18","date_gmt":"2023-08-01T18:43:18","guid":{"rendered":"https:\/\/interaccionnoticias.com.mx\/?p=65530"},"modified":"2023-08-01T13:43:20","modified_gmt":"2023-08-01T18:43:20","slug":"monreal-acusa-al-gobierno-estatal-y-al-ayuntamiento-de-acapulco-de-presionar-a-sus-trabajadores-para-apoyar-a-sus-corcholatas","status":"publish","type":"post","link":"https:\/\/www.interaccionnoticias.com.mx\/?p=65530","title":{"rendered":"Monreal acusa al Gobierno estatal y al Ayuntamiento de Acapulco, de presionar a sus trabajadores para apoyar a sus \u201ccorcholatas\u201d"},"content":{"rendered":"\n<p><strong><em>&#8212; \u201cLa gente tiene miedo de ir a lo actos de otros, porque los retratan y los amenazan\u201d, asegur\u00f3<\/em><\/strong><\/p>\n\n\n\n<p><strong>Rogelio Agust\u00edn<\/strong><\/p>\n\n\n\n<p>El senador con licencia, Ricardo Monreal \u00c1vila denunci\u00f3 que el Gobierno de Guerrero y ayuntamientos como el de Acapulco, presionan a sus trabajadores para apoyar a sus respectivas \u201ccorcholatas\u201d, lo que calific\u00f3 como inadecuado e \u201cinmoral\u201d, sin embargo, manifest\u00f3 que con todo y ese tipo de acciones les dar\u00e1 una \u201csorpresa\u201d.<\/p>\n\n\n\n<p>V\u00eda telef\u00f3nica, Monreal \u00c1vila coment\u00f3 que la jornada del lunes 31 de julio tuvo la oportunidad de estar en Zihuatanejo y posteriormente se desplaz\u00f3 hacia Petatl\u00e1n para encontrarse con grupos de simpatizantes.<\/p>\n\n\n\n<p>La jornada del martes 1 de agosto, Monreal ten\u00eda considerado estar por la ma\u00f1ana en el puerto de Acapulco y ya en la tarde viajar\u00eda hacia Chilpancingo.<\/p>\n\n\n\n<p>Dijo que durante los puntos que ha visitado en Guerrero, los militantes y simpatizantes de la Cuarta Transformaci\u00f3n lo han tratado con respeto y deferencia, a pesar de la presi\u00f3n que asegura, se ejerce desde las diferentes estructuras de gobierno.<\/p>\n\n\n\n<p>\u201cMe trataron miu bien, a pesar de que aqu\u00ed (en Guerrero) se tiene el temor y la preocupaci\u00f3n de como la gobernadora (Evelyn Salgado) ya est\u00e1 por un lado y la presidenta municipal (Abelina L\u00f3pez) est\u00e1 por otro lado, a\u00fan as\u00ed, la gente me trat\u00f3 con respeto\u201d, asegur\u00f3 el ex gobernador de Zacatecas.<\/p>\n\n\n\n<p>El comentario, lo hizo en referencia a que la gobernadora de Guerrero en ocasiones pasadas ha manifestado su simpat\u00eda con la ex jefe de gobierno de la Ciudad de M\u00e9xico, Claudia Sheimbaum Pardo, en tanto que la alcaldesa L\u00f3pez Rodr\u00edguez abiertamente ha declarado que respalda la propuesta del ex canciller Marcelo Ebrard Casaub\u00f3n.<\/p>\n\n\n\n<p>El senador con licencia sostiene que por lo menos en Guerrero \u201cno hay piso parejo\u201d y lo explic\u00f3 de la siguiente manera: \u201cPorque luego la gente tiene temor de acudir a nuestras eventos porque los retratan, porque les llaman la atenci\u00f3n, porque les quitan el trabajo y no quieren quedar mal; los que est\u00e1n con la gobernadora y con su candidato y los que est\u00e1n con la presidenta con la presidenta y su candidato\u201d.<\/p>\n\n\n\n<p>En el caso de Chilpancingo, dijo que las otras tres corcholatas; Claudia Sheimbaum, Marcelo Ebrard y Ad\u00e1n Augusto L\u00f3pez cuentan con autoridades que los respaldan.<\/p>\n\n\n\n<p>En su caso, dijo que al no tener estructuras de gobierno que lo apoyen, no se siente en desventaja: \u201cYo tengo al pueblo y les voy a dar la sorpresa, tengo a la gente hostesta, seria, no quiero decir que no sean honestos los seguidores de los otros, pero me siento bien con las im\u00e1genes de las reuniones en Zihuatanejo y Acapulco\u201d.<\/p>\n\n\n\n<p>Consider\u00f3 como incorrecto e inmoral utilizar las estructuras de gobierno para impulsar a uno de los aspirantes, sin embargo, reiter\u00f3 que est\u00e1 en condiciones de salir adelante en el momento de la definici\u00f3n.<\/p>\n\n\n\n<p>Pese a los actos de presi\u00f3n, manifest\u00f3 que conf\u00eda en el car\u00e1cter y la independencia con que hist\u00f3ricamente se desenvuelve la poblaci\u00f3n de Guerrero, que se al\u00ednea ante los actos de presi\u00f3n que se llegan a ejercer en su contra.<\/p>\n","protected":false},"excerpt":{"rendered":"<p>&#8212; \u201cLa gente tiene miedo de ir a lo actos de otros, porque los retratan y los amenazan\u201d, asegur\u00f3 Rogelio Agust\u00edn El senador con licencia, Ricardo Monreal \u00c1vila denunci\u00f3 que&hellip; <\/p>\n","protected":false},"author":21,"featured_media":65532,"comment_status":"open","ping_status":"open","sticky":false,"template":"","format":"standard","meta":{"fifu_image_url":"","fifu_image_alt":"","footnotes":""},"categories":[21],"tags":[],"class_list":["post-65530","post","type-post","status-publish","format-standard","has-post-thumbnail","hentry","category-politica"],"_links":{"self":[{"href":"https:\/\/www.interaccionnoticias.com.mx\/index.php?rest_route=\/wp\/v2\/posts\/65530","targetHints":{"allow":["GET"]}}],"collection":[{"href":"https:\/\/www.interaccionnoticias.com.mx\/index.php?rest_route=\/wp\/v2\/posts"}],"about":[{"href":"https:\/\/www.interaccionnoticias.com.mx\/index.php?rest_route=\/wp\/v2\/types\/post"}],"author":[{"embeddable":true,"href":"https:\/\/www.interaccionnoticias.com.mx\/index.php?rest_route=\/wp\/v2\/users\/21"}],"replies":[{"embeddable":true,"href":"https:\/\/www.interaccionnoticias.com.mx\/index.php?rest_route=%2Fwp%2Fv2%2Fcomments&post=65530"}],"version-history":[{"count":1,"href":"https:\/\/www.interaccionnoticias.com.mx\/index.php?rest_route=\/wp\/v2\/posts\/65530\/revisions"}],"predecessor-version":[{"id":65533,"href":"https:\/\/www.interaccionnoticias.com.mx\/index.php?rest_route=\/wp\/v2\/posts\/65530\/revisions\/65533"}],"wp:featuredmedia":[{"embeddable":true,"href":"https:\/\/www.interaccionnoticias.com.mx\/index.php?rest_route=\/wp\/v2\/media\/65532"}],"wp:attachment":[{"href":"https:\/\/www.interaccionnoticias.com.mx\/index.php?rest_route=%2Fwp%2Fv2%2Fmedia&parent=65530"}],"wp:term":[{"taxonomy":"category","embeddable":true,"href":"https:\/\/www.interaccionnoticias.com.mx\/index.php?rest_route=%2Fwp%2Fv2%2Fcategories&post=65530"},{"taxonomy":"post_tag","embeddable":true,"href":"https:\/\/www.interaccionnoticias.com.mx\/index.php?rest_route=%2Fwp%2Fv2%2Ftags&post=65530"}],"curies":[{"name":"wp","href":"https:\/\/api.w.org\/{rel}","templated":true}]}}