{"id":65516,"date":"2023-07-31T19:50:00","date_gmt":"2023-08-01T00:50:00","guid":{"rendered":"https:\/\/interaccionnoticias.com.mx\/?p=65516"},"modified":"2023-07-31T23:04:40","modified_gmt":"2023-08-01T04:04:40","slug":"evelyn-salgado-anuncia-reapertura-del-auditorio-estatal-sentimientos-de-la-nacion-en-chilpancingo","status":"publish","type":"post","link":"https:\/\/www.interaccionnoticias.com.mx\/?p=65516","title":{"rendered":"Evelyn Salgado anuncia reapertura del Auditorio Estatal \u00abSentimientos de la Naci\u00f3n\u00bb en Chilpancingo"},"content":{"rendered":"\n<p><strong><em>&#8212; Las familias guerrerenses merecen espacios culturales dignos de primer nivel; la cultura es fundamental para esta administraci\u00f3n: Evelyn Salgado<br>&#8212; Tixtla estar\u00e1 de fiesta con Semana Acad\u00e9mica y Cultural por natalicio de Vicente Guerrero, da a conocer la gobernadora<br>&#8212; Con m\u00e1s de 40 actividades acad\u00e9micas y culturales celebrar\u00e1n el natalicio del \u00abBenem\u00e9rito de la Patria\u00bb<\/em><\/strong><\/p>\n\n\n\n<p><strong>Chilpancingo Gro., 31 de julio del 2023.-<\/strong> La gobernadora Evelyn Salgado Pineda dio a conocer la rehabilitaci\u00f3n y reapertura del Auditorio Estatal \u00abSentimientos de la Naci\u00f3n\u00bb puesto a disposici\u00f3n de toda la comunidad art\u00edstica y cultural de Guerrero, adem\u00e1s, anunci\u00f3 la celebraci\u00f3n de la Semana Acad\u00e9mica y Cultural dedicada al General Vicente Guerrero Salda\u00f1a en Tixtla en el marco del 241 aniversario de su natalicio.<\/p>\n\n\n\n<p>En conferencia virtual, acompa\u00f1ada por la Secretar\u00eda de Cultura, Aida Mart\u00ednez Rebolledo, la mandataria estatal dijo que, en coordinaci\u00f3n, estado, federaci\u00f3n y municipio, se alistan los preparativos para celebrar, con m\u00e1s de 40 actividades, la semana acad\u00e9mica y cultural en Tixtla, del 5 al 13 de agosto para conmemorar el Natalicio del Consumador de la Independencia de M\u00e9xico, el General Vicente Guerrero.<\/p>\n\n\n\n<p>\u00abLa cultura es fundamental para esta administraci\u00f3n, necesitamos tener un pueblo orgulloso de sus ra\u00edces, que conozca de donde viene y que sepa hacia a d\u00f3nde va, que no se olvide nuestro origen y nuestra historia; no se podr\u00eda escribir la historia de M\u00e9xico si la presencia de Guerrero, de las y los guerrerenses\u00bb, puntualiz\u00f3 Evelyn Salgado.<\/p>\n\n\n\n<p>Con la presencia del alcalde de Tixtla, Mois\u00e9s Antonio Gonz\u00e1lez Caba\u00f1as, la titular de Cultura, Aida Mart\u00ednez Rebolledo, indic\u00f3 que este evento tiene el objetivo de dar a conocer la vida e historia del m\u00e1ximo h\u00e9roe \u00abBenem\u00e9rito de la Patria\u00bb Vicente Ram\u00f3n Guerrero Salda\u00f1a a trav\u00e9s de un programa acad\u00e9mico, popular y cultural, con talleres, foros, mesas de di\u00e1logo y programas art\u00edsticos, musicales y gastron\u00f3micos, para honorar el legado del Consumador de la Independencia de M\u00e9xico.<\/p>\n\n\n\n<p>En esta edici\u00f3n donde tambi\u00e9n se realizar\u00e1 un desfile c\u00edvico &#8211; militar, se tendr\u00e1 la participaci\u00f3n del Instituto Nacional de Estudios Hist\u00f3ricos de las Revoluciones de M\u00e9xico en la parte acad\u00e9mica, mientras que por lo cultural se tendr\u00e1 la presencia de municipios hermanos y la Orquesta Infantil de M\u00e9xico.<\/p>\n\n\n\n<p>La gobernadora tambi\u00e9n dio a conocer que ser\u00e1 reinaugurado el Auditorio Estatal \u00abSentimientos de la Naci\u00f3n\u00bb en Chilpancingo que representa en su rehabilitaci\u00f3n una inversi\u00f3n de 12 millones de pesos en mejoras en la infraestructura del inmueble para que los guerrerenses tengan un espacio digno, seguro y de primer nivel, con las mejores condiciones como se merecen las familias de Guerrero.<\/p>\n","protected":false},"excerpt":{"rendered":"<p>La gobernadora Evelyn Salgado Pineda dio a conocer la rehabilitaci\u00f3n y reapertura del Auditorio Estatal \u00abSentimientos de la Naci\u00f3n\u00bb puesto a disposici\u00f3n de toda la comunidad art\u00edstica y cultural de Guerrero, adem\u00e1s, anunci\u00f3 la celebraci\u00f3n de la Semana Acad\u00e9mica y Cultural dedicada al General Vicente Guerrero Salda\u00f1a en Tixtla en el marco del 241 aniversario de su natalicio.<\/p>\n","protected":false},"author":19,"featured_media":65517,"comment_status":"open","ping_status":"open","sticky":false,"template":"","format":"standard","meta":{"fifu_image_url":"","fifu_image_alt":"","footnotes":""},"categories":[11],"tags":[],"class_list":["post-65516","post","type-post","status-publish","format-standard","has-post-thumbnail","hentry","category-guerrero"],"_links":{"self":[{"href":"https:\/\/www.interaccionnoticias.com.mx\/index.php?rest_route=\/wp\/v2\/posts\/65516","targetHints":{"allow":["GET"]}}],"collection":[{"href":"https:\/\/www.interaccionnoticias.com.mx\/index.php?rest_route=\/wp\/v2\/posts"}],"about":[{"href":"https:\/\/www.interaccionnoticias.com.mx\/index.php?rest_route=\/wp\/v2\/types\/post"}],"author":[{"embeddable":true,"href":"https:\/\/www.interaccionnoticias.com.mx\/index.php?rest_route=\/wp\/v2\/users\/19"}],"replies":[{"embeddable":true,"href":"https:\/\/www.interaccionnoticias.com.mx\/index.php?rest_route=%2Fwp%2Fv2%2Fcomments&post=65516"}],"version-history":[{"count":1,"href":"https:\/\/www.interaccionnoticias.com.mx\/index.php?rest_route=\/wp\/v2\/posts\/65516\/revisions"}],"predecessor-version":[{"id":65518,"href":"https:\/\/www.interaccionnoticias.com.mx\/index.php?rest_route=\/wp\/v2\/posts\/65516\/revisions\/65518"}],"wp:featuredmedia":[{"embeddable":true,"href":"https:\/\/www.interaccionnoticias.com.mx\/index.php?rest_route=\/wp\/v2\/media\/65517"}],"wp:attachment":[{"href":"https:\/\/www.interaccionnoticias.com.mx\/index.php?rest_route=%2Fwp%2Fv2%2Fmedia&parent=65516"}],"wp:term":[{"taxonomy":"category","embeddable":true,"href":"https:\/\/www.interaccionnoticias.com.mx\/index.php?rest_route=%2Fwp%2Fv2%2Fcategories&post=65516"},{"taxonomy":"post_tag","embeddable":true,"href":"https:\/\/www.interaccionnoticias.com.mx\/index.php?rest_route=%2Fwp%2Fv2%2Ftags&post=65516"}],"curies":[{"name":"wp","href":"https:\/\/api.w.org\/{rel}","templated":true}]}}