{"id":65513,"date":"2023-07-31T19:02:00","date_gmt":"2023-08-01T00:02:00","guid":{"rendered":"https:\/\/interaccionnoticias.com.mx\/?p=65513"},"modified":"2023-07-31T22:56:56","modified_gmt":"2023-08-01T03:56:56","slug":"en-agosto-iniciara-la-campana-nacional-contra-la-tuberculosis-bovina","status":"publish","type":"post","link":"https:\/\/www.interaccionnoticias.com.mx\/?p=65513","title":{"rendered":"En agosto iniciar\u00e1 la Campa\u00f1a Nacional contra la Tuberculosis Bovina"},"content":{"rendered":"\n<p><strong>Chilpancingo, Gro., 31 de julio del 2023.-<\/strong> El pr\u00f3ximo 9 de agosto iniciar\u00e1 la Campa\u00f1a Nacional contra la Tuberculosis Bovina en el municipio de Cutzamala de Pinz\u00f3n de la regi\u00f3n de la Tierra Caliente, con una revisi\u00f3n de 28 mil cabezas de ganado, en el que participar\u00e1n el Servicio Nacional de Sanidad, Inocuidad y Calidad Agroalimentaria, la Secretar\u00eda de Agricultura y Desarrollo Rural del gobierno federal, y la Secretar\u00eda de Agricultura, Ganader\u00eda, Pesca y Desarrollo Rural del gobierno de Guerrero.<\/p>\n\n\n\n<p>Por ello, el subsecretario de Ganader\u00eda y Pesca, Salvador Guadalupe Mojica Morga, asisti\u00f3 a la reuni\u00f3n de trabajo y seguimiento para la campa\u00f1a de Constataci\u00f3n Progresiva de Hatos Ganaderos (barridos), que busca priorizar y garantizar que el ganado est\u00e9 libre de tuberculosis o brucelosis, buscando as\u00ed la reducci\u00f3n de riesgos de contaminaci\u00f3n de los alimentos y su calidad agroalimentaria, y facilitar el comercio de bienes de origen vegetal y animal.<\/p>\n\n\n\n<p>Pero, sobre todo, asegurar la inocuidad de los alimentos adquiridos a trav\u00e9s del ganado, para que el consumidor final obtenga productos libres de contaminantes.<\/p>\n\n\n\n<p>Asistieron a la reuni\u00f3n, por parte de la SADER en Guerrero, Mariano Herrera Garc\u00eda, Umberto L\u00f3pez Gonz\u00e1lez y Claudia Nogueda Adame; por parte de SENASICA, Realdino Gonz\u00e1lez y Gerardo Celis Salgado, y por parte del Comit\u00e9 Estatal para el Fomento y Protecci\u00f3n Pecuaria de Guerrero, Eduardo Aguirre Justo, Carlos Rom\u00e1n L\u00f3pez y Antonio Roque Jim\u00e9nez.<\/p>\n","protected":false},"excerpt":{"rendered":"<p>Chilpancingo, Gro., 31 de julio del 2023.- El pr\u00f3ximo 9 de agosto iniciar\u00e1 la Campa\u00f1a Nacional contra la Tuberculosis Bovina en el municipio de Cutzamala de Pinz\u00f3n de la regi\u00f3n&hellip; <\/p>\n","protected":false},"author":19,"featured_media":65514,"comment_status":"open","ping_status":"open","sticky":false,"template":"","format":"standard","meta":{"fifu_image_url":"","fifu_image_alt":"","footnotes":""},"categories":[11],"tags":[],"class_list":["post-65513","post","type-post","status-publish","format-standard","has-post-thumbnail","hentry","category-guerrero"],"_links":{"self":[{"href":"https:\/\/www.interaccionnoticias.com.mx\/index.php?rest_route=\/wp\/v2\/posts\/65513","targetHints":{"allow":["GET"]}}],"collection":[{"href":"https:\/\/www.interaccionnoticias.com.mx\/index.php?rest_route=\/wp\/v2\/posts"}],"about":[{"href":"https:\/\/www.interaccionnoticias.com.mx\/index.php?rest_route=\/wp\/v2\/types\/post"}],"author":[{"embeddable":true,"href":"https:\/\/www.interaccionnoticias.com.mx\/index.php?rest_route=\/wp\/v2\/users\/19"}],"replies":[{"embeddable":true,"href":"https:\/\/www.interaccionnoticias.com.mx\/index.php?rest_route=%2Fwp%2Fv2%2Fcomments&post=65513"}],"version-history":[{"count":1,"href":"https:\/\/www.interaccionnoticias.com.mx\/index.php?rest_route=\/wp\/v2\/posts\/65513\/revisions"}],"predecessor-version":[{"id":65515,"href":"https:\/\/www.interaccionnoticias.com.mx\/index.php?rest_route=\/wp\/v2\/posts\/65513\/revisions\/65515"}],"wp:featuredmedia":[{"embeddable":true,"href":"https:\/\/www.interaccionnoticias.com.mx\/index.php?rest_route=\/wp\/v2\/media\/65514"}],"wp:attachment":[{"href":"https:\/\/www.interaccionnoticias.com.mx\/index.php?rest_route=%2Fwp%2Fv2%2Fmedia&parent=65513"}],"wp:term":[{"taxonomy":"category","embeddable":true,"href":"https:\/\/www.interaccionnoticias.com.mx\/index.php?rest_route=%2Fwp%2Fv2%2Fcategories&post=65513"},{"taxonomy":"post_tag","embeddable":true,"href":"https:\/\/www.interaccionnoticias.com.mx\/index.php?rest_route=%2Fwp%2Fv2%2Ftags&post=65513"}],"curies":[{"name":"wp","href":"https:\/\/api.w.org\/{rel}","templated":true}]}}