{"id":65503,"date":"2023-07-31T19:00:00","date_gmt":"2023-08-01T00:00:00","guid":{"rendered":"https:\/\/interaccionnoticias.com.mx\/?p=65503"},"modified":"2023-07-31T22:27:31","modified_gmt":"2023-08-01T03:27:31","slug":"presentan-a-los-integrantes-del-comite-organizador-estatal-del-frente-amplio-por-mexico","status":"publish","type":"post","link":"https:\/\/www.interaccionnoticias.com.mx\/?p=65503","title":{"rendered":"Presentan a los integrantes del Comit\u00e9 Organizador Estatal del Frente Amplio por M\u00e9xico"},"content":{"rendered":"\n<p><strong><em>&#8212; Vigilar\u00e1n que se cumplan las reglas del proceso interno<\/em><\/strong><\/p>\n\n\n\n<p><strong>Rosario Garc\u00eda Orozco<\/strong><\/p>\n\n\n\n<p><strong>Chilpancingo, Gro., 31 de Julio del 2023.-<\/strong> El Comit\u00e9 Organizador local del Frente Amplio por M\u00e9xico garantiz\u00f3 que con la uni\u00f3n de los partidos PRI, PRD y PAN, y la participaci\u00f3n de la sociedad civil, habr\u00e1 un proceso interno con transparencia e imparcialidad para que no haya \u00abdados cargados\u00bb en la definici\u00f3n del candidato a la presidencia de la Rep\u00fablica, por medio de una consulta abierta.<\/p>\n\n\n\n<p>En conferencia de prensa fueron presentados los ciudadanos integrantes del Comit\u00e9 organizador local, entre ellos, Ram\u00f3n Ramos Piedra, ex presidente del Tribunal Electoral del Estado, la abogada Mar\u00eda de la Luz Reyes, el empresario y cantautor, Oscar Eduardo Athi\u00e9 Furlong, as\u00ed como Iveth D\u00edaz Bahena y Nelson Neri Ben\u00edtez, quienes ser\u00e1n los responsables de vigilar que se respeten las reglas de definici\u00f3n.<\/p>\n\n\n\n<p>Ramos Piedra en su intervenci\u00f3n dijo que los partidos pol\u00edticos atrav\u00e9s del Frente Amplio, abren los cauces para la m\u00e1s amplia participaci\u00f3n ciudadana, con la finalidad de construir una propuesta de soluci\u00f3n para la problem\u00e1tica que \u00abaqueja a nuestro pa\u00eds\u00bb.<\/p>\n\n\n\n<p>Explic\u00f3 el ex presidente del TEE: \u00absabemos que los partidos son entidades de inter\u00e9s p\u00fablico que tienen como objetivo hacer posible el acceso de las y los ciudadanos al poder p\u00fablico, representar los intereses colectivos, canalizar la demanda social e impulsar pol\u00edticas p\u00fablicas eficaces\u00bb.<\/p>\n\n\n\n<p>Dijo que ese comit\u00e9 tiene como meta vigilar que se cumplan las reglas para la definici\u00f3n de quien encabezar\u00e1 la candidatura presidencial por el Frente, \u00abla meta en el proceso es que los contendientes (13 en total), alcancen un m\u00e1ximo de 150 mil firmas.<\/p>\n\n\n\n<p>Como representante del Partido de la Revoluci\u00f3n Democr\u00e1tica, su dirigente estatal, Alberto Catal\u00e1n Bastida, afirm\u00f3 que la tarea es construir un mejor pa\u00eds, \u00abporque despu\u00e9s de la pol\u00edtica fallida del gobierno federal, que ya se va, es importante desarrollar una agenda pol\u00edtica social, que responda a las demandas del pueblo\u00bb.<\/p>\n\n\n\n<p>En representaci\u00f3n del Partido Acci\u00f3n Nacional, Silvio Rodr\u00edguez Garc\u00eda conf\u00edo en la tarea transparente y con respeto del Comit\u00e9, como un mecanismo primordial para incentivar la participaci\u00f3n de la sociedad guerrerense.<\/p>\n\n\n\n<p>Con la representaci\u00f3n del Partido Revolucionario Institucional, Rafael Navarrete Quezada, mencion\u00f3 que los partidos pol\u00edticos del Frente \u00abhoy estamos m\u00e1s cerca que nunca de la sociedad, con pleno respeto a las leyes electorales, para garantizar nuestros derechos electorales. Para el Frente Amplio por M\u00e9xico es indispensable la participaci\u00f3n ciudadana, porque sin ella nada ser\u00e1 posible\u00bb.<\/p>\n","protected":false},"excerpt":{"rendered":"<p>&#8212; Vigilar\u00e1n que se cumplan las reglas del proceso interno Rosario Garc\u00eda Orozco Chilpancingo, Gro., 31 de Julio del 2023.- El Comit\u00e9 Organizador local del Frente Amplio por M\u00e9xico garantiz\u00f3&hellip; <\/p>\n","protected":false},"author":14,"featured_media":65504,"comment_status":"open","ping_status":"open","sticky":false,"template":"","format":"standard","meta":{"fifu_image_url":"","fifu_image_alt":"","footnotes":""},"categories":[21],"tags":[],"class_list":["post-65503","post","type-post","status-publish","format-standard","has-post-thumbnail","hentry","category-politica"],"_links":{"self":[{"href":"https:\/\/www.interaccionnoticias.com.mx\/index.php?rest_route=\/wp\/v2\/posts\/65503","targetHints":{"allow":["GET"]}}],"collection":[{"href":"https:\/\/www.interaccionnoticias.com.mx\/index.php?rest_route=\/wp\/v2\/posts"}],"about":[{"href":"https:\/\/www.interaccionnoticias.com.mx\/index.php?rest_route=\/wp\/v2\/types\/post"}],"author":[{"embeddable":true,"href":"https:\/\/www.interaccionnoticias.com.mx\/index.php?rest_route=\/wp\/v2\/users\/14"}],"replies":[{"embeddable":true,"href":"https:\/\/www.interaccionnoticias.com.mx\/index.php?rest_route=%2Fwp%2Fv2%2Fcomments&post=65503"}],"version-history":[{"count":1,"href":"https:\/\/www.interaccionnoticias.com.mx\/index.php?rest_route=\/wp\/v2\/posts\/65503\/revisions"}],"predecessor-version":[{"id":65505,"href":"https:\/\/www.interaccionnoticias.com.mx\/index.php?rest_route=\/wp\/v2\/posts\/65503\/revisions\/65505"}],"wp:featuredmedia":[{"embeddable":true,"href":"https:\/\/www.interaccionnoticias.com.mx\/index.php?rest_route=\/wp\/v2\/media\/65504"}],"wp:attachment":[{"href":"https:\/\/www.interaccionnoticias.com.mx\/index.php?rest_route=%2Fwp%2Fv2%2Fmedia&parent=65503"}],"wp:term":[{"taxonomy":"category","embeddable":true,"href":"https:\/\/www.interaccionnoticias.com.mx\/index.php?rest_route=%2Fwp%2Fv2%2Fcategories&post=65503"},{"taxonomy":"post_tag","embeddable":true,"href":"https:\/\/www.interaccionnoticias.com.mx\/index.php?rest_route=%2Fwp%2Fv2%2Ftags&post=65503"}],"curies":[{"name":"wp","href":"https:\/\/api.w.org\/{rel}","templated":true}]}}