{"id":65500,"date":"2023-07-31T18:59:00","date_gmt":"2023-07-31T23:59:00","guid":{"rendered":"https:\/\/interaccionnoticias.com.mx\/?p=65500"},"modified":"2023-07-31T22:22:47","modified_gmt":"2023-08-01T03:22:47","slug":"la-autoridad-municipal-en-chilpancingo-no-actua-ni-opera-en-lo-que-se-refiere-a-la-inseguridad-mario-moreno","status":"publish","type":"post","link":"https:\/\/www.interaccionnoticias.com.mx\/?p=65500","title":{"rendered":"La autoridad municipal en Chilpancingo no act\u00faa, ni opera en lo que se refiere a la inseguridad: Mario Moreno"},"content":{"rendered":"\n<p><strong>Rosario Garc\u00eda Orozco<\/strong><\/p>\n\n\n\n<p><strong>Chilpancingo, Gro., 31 de julio del 2023.-<\/strong> La autoridad municipal en Chilpancingo es inoperante, consider\u00f3 el ex candidato a gobernador de Guerrero, Mario Moreno Arcos, al hacer referencia a los hechos violentos registrados en esta capital en las \u00faltimas semanas.<\/p>\n\n\n\n<p>Dijo que quienes est\u00e1n obligados a generar condiciones de seguridad son las autoridades en materia de seguridad \u00aby no vemos que opere, que actue, y eso es preocupante, creo que est\u00e1 en la cancha de la autoridad este tema y esperemos que pronto lo resuelva\u00bb.<\/p>\n\n\n\n<p>Consider\u00f3 preocupante el \u00edndice de inseguridad que afecta a Chilpancingo, \u00abcomo un ciudadano m\u00e1s le pido a quienes hoy est\u00e1n al frente de los tres niveles de gobierno que nos generen condiciones de seguridad, porque es lamentable lo que estamos viviendo, ya da temor salir a las calles, y para muestra un bot\u00f3n, vean lo que pas\u00f3 con el empresario Jos\u00e9 Guadalupe Fuentes Brito y su hijo, Jos\u00e9 Manuel Fuentes Calvo, quienes fueron asesinados el fin de semana, es un hecho que enluta a una familia, pero genera temor en la poblaci\u00f3n\u00bb.<\/p>\n\n\n\n<p>-Conf\u00eda Mario Moreno en que el gobierno genere condiciones de seguridad de frente al proceso electoral y confirm\u00f3 su intenci\u00f3n de competir por la senadur\u00eda<\/p>\n\n\n\n<p>El dos veces presidente municipal de Chilpancingo, confi\u00f3 en que los gobiernos de los tres niveles logren generar condiciones de seguridad necesarias de cara al proceso electoral: \u00abYo espero que el gobierno federal, estatal y los municipales generen las condiciones de seguridad para el proceso electoral del 2024, que inicia en septiembre pr\u00f3ximo, porque s\u00ed, al final de cuentas eso es preocupante\u00bb.<\/p>\n\n\n\n<p>Cuestionado sobre sus aspiraciones pol\u00edticas para el siguiente proceso electoral, Moreno Arcos confirm\u00f3 que quiere ser candidato a senador por el Frente Amplio por M\u00e9xico, \u00abs\u00ed lo he comentado, estoy trabajando en ello, y yo espero que se pueda dar\u00bb.<\/p>\n\n\n\n<p>Agreg\u00f3 que su partido, el Revolucionario Institucional est\u00e1 trabajando en la reestructuracion de los comit\u00e9s municipio por municipio, para poder llegar a una alianza fuerte, primero al interior del PRI, porque la primer alianza debe ser interna, para poder ir a hacer una alianza con otros partidos pol\u00edticos y con la sociedad civil, para que las cosas caminen de la mejor manera posible\u00bb.<\/p>\n","protected":false},"excerpt":{"rendered":"<p>Rosario Garc\u00eda Orozco Chilpancingo, Gro., 31 de julio del 2023.- La autoridad municipal en Chilpancingo es inoperante, consider\u00f3 el ex candidato a gobernador de Guerrero, Mario Moreno Arcos, al hacer&hellip; <\/p>\n","protected":false},"author":14,"featured_media":65501,"comment_status":"open","ping_status":"open","sticky":false,"template":"","format":"standard","meta":{"fifu_image_url":"","fifu_image_alt":"","footnotes":""},"categories":[21],"tags":[],"class_list":["post-65500","post","type-post","status-publish","format-standard","has-post-thumbnail","hentry","category-politica"],"_links":{"self":[{"href":"https:\/\/www.interaccionnoticias.com.mx\/index.php?rest_route=\/wp\/v2\/posts\/65500","targetHints":{"allow":["GET"]}}],"collection":[{"href":"https:\/\/www.interaccionnoticias.com.mx\/index.php?rest_route=\/wp\/v2\/posts"}],"about":[{"href":"https:\/\/www.interaccionnoticias.com.mx\/index.php?rest_route=\/wp\/v2\/types\/post"}],"author":[{"embeddable":true,"href":"https:\/\/www.interaccionnoticias.com.mx\/index.php?rest_route=\/wp\/v2\/users\/14"}],"replies":[{"embeddable":true,"href":"https:\/\/www.interaccionnoticias.com.mx\/index.php?rest_route=%2Fwp%2Fv2%2Fcomments&post=65500"}],"version-history":[{"count":1,"href":"https:\/\/www.interaccionnoticias.com.mx\/index.php?rest_route=\/wp\/v2\/posts\/65500\/revisions"}],"predecessor-version":[{"id":65502,"href":"https:\/\/www.interaccionnoticias.com.mx\/index.php?rest_route=\/wp\/v2\/posts\/65500\/revisions\/65502"}],"wp:featuredmedia":[{"embeddable":true,"href":"https:\/\/www.interaccionnoticias.com.mx\/index.php?rest_route=\/wp\/v2\/media\/65501"}],"wp:attachment":[{"href":"https:\/\/www.interaccionnoticias.com.mx\/index.php?rest_route=%2Fwp%2Fv2%2Fmedia&parent=65500"}],"wp:term":[{"taxonomy":"category","embeddable":true,"href":"https:\/\/www.interaccionnoticias.com.mx\/index.php?rest_route=%2Fwp%2Fv2%2Fcategories&post=65500"},{"taxonomy":"post_tag","embeddable":true,"href":"https:\/\/www.interaccionnoticias.com.mx\/index.php?rest_route=%2Fwp%2Fv2%2Ftags&post=65500"}],"curies":[{"name":"wp","href":"https:\/\/api.w.org\/{rel}","templated":true}]}}