{"id":65495,"date":"2023-07-31T18:58:00","date_gmt":"2023-07-31T23:58:00","guid":{"rendered":"https:\/\/interaccionnoticias.com.mx\/?p=65495"},"modified":"2023-07-31T22:16:03","modified_gmt":"2023-08-01T03:16:03","slug":"suspenden-servicio-de-transporte-publico-en-tierra-colorada","status":"publish","type":"post","link":"https:\/\/www.interaccionnoticias.com.mx\/?p=65495","title":{"rendered":"Suspenden servicio de transporte p\u00fablico en Tierra Colorada"},"content":{"rendered":"\n<p><strong><em>&#8212; Un taxi de la l\u00ednea No. 1 fue incendiado en la colonia Rufo Figueroa de Tierra Colorada<\/em><\/strong><\/p>\n\n\n\n<p><strong>Yasm\u00edn Garc\u00eda Chino<\/strong><\/p>\n\n\n\n<p><strong>Chilpancingo, Gro., a 31 de julio 2023.-<\/strong> El transporte p\u00fablico de las rutas Tierra Colorada-Chilpancingo, Acapulco y Xaltianguis fue suspendido despu\u00e9s del incendio de un taxi del sitio n\u00famero 1 Juan R. Escudero en la colonia Rufo Figueroa de la cabecera municipal, del municipio de Juan R. Escudero conocido como la puerta de las dos costas.<\/p>\n\n\n\n<p>Alrededor de la una de la tarde se suscit\u00f3 el incendio de la unidad afuera de un domicilio particular sin que se registrar\u00e1n v\u00edctimas, trascendi\u00f3 que la unidad fue incendiada por hombres armados.<\/p>\n\n\n\n<p>El servicio del transporte p\u00fablico de la ruta Chilpancingo-Tierra Colorada fue suspendido desde el d\u00eda domingo despu\u00e9s de que fueron incendiadas dos unidades de la ruta Tixtla-Copalillo en la ciudad de Tixtla con los choferes al interior.<\/p>\n\n\n\n<p>Cabe se\u00f1alar que apenas el 11 de julio el servicio del transporte p\u00fablico del municipio de Juan R. Escudero hac\u00eda la capital del estado fue suspendido por la quema de unidades del servicio p\u00fablico de diferentes rutas for\u00e1neas y locales.<\/p>\n\n\n\n<p>Hasta el momento ninguna autoridad se ha pronunciado sobre la suspensi\u00f3n del transporte p\u00fablico en aquel municipio.<\/p>\n\n\n\n<div class=\"wp-block-jetpack-tiled-gallery aligncenter is-style-rectangular\"><div class=\"tiled-gallery__gallery\"><div class=\"tiled-gallery__row\"><div class=\"tiled-gallery__col\" style=\"flex-basis:66.78744%\"><figure class=\"tiled-gallery__item\"><img decoding=\"async\" alt=\"\" data-height=\"1500\" data-id=\"65497\" data-link=\"https:\/\/interaccionnoticias.com.mx\/?attachment_id=65497\" data-url=\"https:\/\/interaccionnoticias.com.mx\/wp-content\/uploads\/2023\/07\/20230731-Tierra-Colorada-2-1024x683.jpg\" data-width=\"2250\" src=\"https:\/\/i0.wp.com\/www.interaccionnoticias.com.mx\/wp-content\/uploads\/2023\/07\/20230731-Tierra-Colorada-2-1024x683.jpg\" data-amp-layout=\"responsive\"\/><\/figure><\/div><div class=\"tiled-gallery__col\" style=\"flex-basis:33.21256%\"><figure class=\"tiled-gallery__item\"><img decoding=\"async\" alt=\"\" data-height=\"750\" data-id=\"65496\" data-link=\"https:\/\/interaccionnoticias.com.mx\/?attachment_id=65496\" data-url=\"https:\/\/interaccionnoticias.com.mx\/wp-content\/uploads\/2023\/07\/20230731-Tierra-Colorada-3-1024x683.jpg\" data-width=\"1125\" src=\"https:\/\/i1.wp.com\/www.interaccionnoticias.com.mx\/wp-content\/uploads\/2023\/07\/20230731-Tierra-Colorada-3-1024x683.jpg\" data-amp-layout=\"responsive\"\/><\/figure><figure class=\"tiled-gallery__item\"><img decoding=\"async\" alt=\"\" data-height=\"1500\" data-id=\"65498\" data-link=\"https:\/\/interaccionnoticias.com.mx\/?attachment_id=65498\" data-url=\"https:\/\/interaccionnoticias.com.mx\/wp-content\/uploads\/2023\/07\/20230731-Tierra-Colorada-1-1024x683.jpg\" data-width=\"2250\" src=\"https:\/\/i2.wp.com\/www.interaccionnoticias.com.mx\/wp-content\/uploads\/2023\/07\/20230731-Tierra-Colorada-1-1024x683.jpg\" data-amp-layout=\"responsive\"\/><\/figure><\/div><\/div><\/div><\/div>\n","protected":false},"excerpt":{"rendered":"<p>&#8212; Un taxi de la l\u00ednea No. 1 fue incendiado en la colonia Rufo Figueroa de Tierra Colorada Yasm\u00edn Garc\u00eda Chino Chilpancingo, Gro., a 31 de julio 2023.- El transporte&hellip; <\/p>\n","protected":false},"author":32,"featured_media":65497,"comment_status":"open","ping_status":"open","sticky":false,"template":"","format":"standard","meta":{"fifu_image_url":"","fifu_image_alt":"","footnotes":""},"categories":[27],"tags":[],"class_list":["post-65495","post","type-post","status-publish","format-standard","has-post-thumbnail","hentry","category-seguridad-publica"],"_links":{"self":[{"href":"https:\/\/www.interaccionnoticias.com.mx\/index.php?rest_route=\/wp\/v2\/posts\/65495","targetHints":{"allow":["GET"]}}],"collection":[{"href":"https:\/\/www.interaccionnoticias.com.mx\/index.php?rest_route=\/wp\/v2\/posts"}],"about":[{"href":"https:\/\/www.interaccionnoticias.com.mx\/index.php?rest_route=\/wp\/v2\/types\/post"}],"author":[{"embeddable":true,"href":"https:\/\/www.interaccionnoticias.com.mx\/index.php?rest_route=\/wp\/v2\/users\/32"}],"replies":[{"embeddable":true,"href":"https:\/\/www.interaccionnoticias.com.mx\/index.php?rest_route=%2Fwp%2Fv2%2Fcomments&post=65495"}],"version-history":[{"count":1,"href":"https:\/\/www.interaccionnoticias.com.mx\/index.php?rest_route=\/wp\/v2\/posts\/65495\/revisions"}],"predecessor-version":[{"id":65499,"href":"https:\/\/www.interaccionnoticias.com.mx\/index.php?rest_route=\/wp\/v2\/posts\/65495\/revisions\/65499"}],"wp:featuredmedia":[{"embeddable":true,"href":"https:\/\/www.interaccionnoticias.com.mx\/index.php?rest_route=\/wp\/v2\/media\/65497"}],"wp:attachment":[{"href":"https:\/\/www.interaccionnoticias.com.mx\/index.php?rest_route=%2Fwp%2Fv2%2Fmedia&parent=65495"}],"wp:term":[{"taxonomy":"category","embeddable":true,"href":"https:\/\/www.interaccionnoticias.com.mx\/index.php?rest_route=%2Fwp%2Fv2%2Fcategories&post=65495"},{"taxonomy":"post_tag","embeddable":true,"href":"https:\/\/www.interaccionnoticias.com.mx\/index.php?rest_route=%2Fwp%2Fv2%2Ftags&post=65495"}],"curies":[{"name":"wp","href":"https:\/\/api.w.org\/{rel}","templated":true}]}}