{"id":6548,"date":"2017-07-17T09:53:55","date_gmt":"2017-07-17T14:53:55","guid":{"rendered":"http:\/\/www.inter-accion.com.mx\/?p=6548"},"modified":"2017-07-17T09:53:55","modified_gmt":"2017-07-17T14:53:55","slug":"en-agosto-inicia-psg-campana-de-afiliacion-en-guerrero","status":"publish","type":"post","link":"https:\/\/www.interaccionnoticias.com.mx\/?p=6548","title":{"rendered":"En agosto inicia PSG campa\u00f1a de afiliaci\u00f3n en Guerrero"},"content":{"rendered":"<p>El presidente del Partido Socialista de Guerrero (PSG), Daniel Campos Caravarillo, inform\u00f3 que a partir del mes de agosto dar\u00e1 inici\u00f3 la campa\u00f1a de afiliaci\u00f3n de este partido.<br \/>\nDurante su visita con simpatizantes en San Marcos, perteneciente a Costa Chica, Campos Caravarillo, recibi\u00f3 de propia voz de los ciudadanos las demandas del lugar, as\u00ed como se les explic\u00f3 el proyecto de PSG.<br \/>\nEn el lugar, se escucharon diversos puntos de opini\u00f3n desde donde se coincidi\u00f3 que es necesaria una nueva generaci\u00f3n de pol\u00edticos, como los de PSG, quienes antes las bases ciudadanas de esta zona, anunciaron una afiliaci\u00f3n de casa en Casa. \u00abLa lucha apenas empieza, cada d\u00eda somos m\u00e1s los que queremos un Guerrero mejor.<br \/>\nDesde cada rinc\u00f3n del estado, las y los ciudadanos de conciencia se est\u00e1n sumando a esta lucha, al cambio que necesita Guerrero, por eso, iremos de casa a casa para que conozcan este gran proyecto, para que se sumen a esta gran familia\u00bb reiter\u00f3 Daniel Campos.<\/p>\n","protected":false},"excerpt":{"rendered":"<p>El presidente del Partido Socialista de Guerrero (PSG), Daniel Campos Caravarillo, inform\u00f3 que a partir del mes de agosto dar\u00e1 inici\u00f3 la campa\u00f1a de afiliaci\u00f3n de este partido. Durante su&hellip; <\/p>\n","protected":false},"author":1,"featured_media":0,"comment_status":"closed","ping_status":"closed","sticky":false,"template":"","format":"standard","meta":{"fifu_image_url":"","fifu_image_alt":"","footnotes":""},"categories":[8,18],"tags":[],"class_list":["post-6548","post","type-post","status-publish","format-standard","hentry","category-featured","category-partidos-politicos"],"_links":{"self":[{"href":"https:\/\/www.interaccionnoticias.com.mx\/index.php?rest_route=\/wp\/v2\/posts\/6548","targetHints":{"allow":["GET"]}}],"collection":[{"href":"https:\/\/www.interaccionnoticias.com.mx\/index.php?rest_route=\/wp\/v2\/posts"}],"about":[{"href":"https:\/\/www.interaccionnoticias.com.mx\/index.php?rest_route=\/wp\/v2\/types\/post"}],"author":[{"embeddable":true,"href":"https:\/\/www.interaccionnoticias.com.mx\/index.php?rest_route=\/wp\/v2\/users\/1"}],"replies":[{"embeddable":true,"href":"https:\/\/www.interaccionnoticias.com.mx\/index.php?rest_route=%2Fwp%2Fv2%2Fcomments&post=6548"}],"version-history":[{"count":0,"href":"https:\/\/www.interaccionnoticias.com.mx\/index.php?rest_route=\/wp\/v2\/posts\/6548\/revisions"}],"wp:attachment":[{"href":"https:\/\/www.interaccionnoticias.com.mx\/index.php?rest_route=%2Fwp%2Fv2%2Fmedia&parent=6548"}],"wp:term":[{"taxonomy":"category","embeddable":true,"href":"https:\/\/www.interaccionnoticias.com.mx\/index.php?rest_route=%2Fwp%2Fv2%2Fcategories&post=6548"},{"taxonomy":"post_tag","embeddable":true,"href":"https:\/\/www.interaccionnoticias.com.mx\/index.php?rest_route=%2Fwp%2Fv2%2Ftags&post=6548"}],"curies":[{"name":"wp","href":"https:\/\/api.w.org\/{rel}","templated":true}]}}