{"id":65475,"date":"2023-07-31T18:29:12","date_gmt":"2023-07-31T23:29:12","guid":{"rendered":"https:\/\/interaccionnoticias.com.mx\/?p=65475"},"modified":"2023-07-31T18:29:14","modified_gmt":"2023-07-31T23:29:14","slug":"amagan-con-pistolas-a-periodista-de-guerrero-y-su-esposa-para-despojarlo-de-su-camioneta","status":"publish","type":"post","link":"https:\/\/www.interaccionnoticias.com.mx\/?p=65475","title":{"rendered":"Amagan con pistolas a periodista de Guerrero y su esposa, para despojarlo de su camioneta"},"content":{"rendered":"\n<p><strong><em>&#8212; \u201cTe conozco\u201d, le dice uno de los asaltantes a Jos\u00e9 Nava Mosso, director de la Agencia de Noticias Guerrero (ANG)<\/em><\/strong><\/p>\n\n\n\n<p><strong>Yasm\u00edn Garc\u00eda Chino<\/strong><\/p>\n\n\n\n<p><strong>Chilpancingo, Gro., a 31 de julio 2023.-<\/strong> El periodista Jos\u00e9 Nava Mosso sufri\u00f3 un asalto a mano armada en el que fue despojado de su camioneta Nissan Np 300 tipo frontier de color roja modelo 2022, as\u00ed como de carteras y los tel\u00e9fonos celulares de \u00e9l y su esposa.<\/p>\n\n\n\n<p>La ma\u00f1ana del lunes el periodista circulaba junto a su conyuge en las inmediaciones de la colonia Cipatli, en la parte sur de la ciudad, cerca de la Fiscal\u00eda General del Estado (FGE).<\/p>\n\n\n\n<p>Refiere que fue interceptado por dos hombres armados, quienes lo amagaron a \u00e9l y su esposa para despojarlo de las llaves de la camioneta, las carteras y los tel\u00e9fonos celulares de ambos.<\/p>\n\n\n\n<p>El atraco, de acuerdo con el comunicador se desarroll\u00f3 en un lapso de 40 segundos.<\/p>\n\n\n\n<p>Mientras entregaba todo lo que se le reclamaba, uno de los asaltantes le dijo: \u201cYo te conozco\u201d, acto seguido se rerit\u00f3 del lugar a bordo de la unidad.<\/p>\n\n\n\n<p>Nava Mosso interpuso una denuncia ante la Fiscal\u00eda Especializada en Recuperaci\u00f3n de Veh\u00edculos Robados, a donde fue canalizado una vez que las autoridades conocieron del hecho.<\/p>\n\n\n\n<p>A pregunta expresa, el comunicador dijo que desconoce si el asalto tiene que ver con su trabajo period\u00edstico.<\/p>\n\n\n\n<p>\u201cYo solo me dedico a trabajar, no me meto con nadie\u00bb, dijo ante los cuestionamientos.<\/p>\n\n\n\n<p>No obstante, refiri\u00f3 que hasta el momento, no ha recibido ning\u00fan tipo de amenaza por su actividad laboral, ni de particulares ni por parte del alguna organizaci\u00f3n delictiva.<\/p>\n","protected":false},"excerpt":{"rendered":"<p>&#8212; \u201cTe conozco\u201d, le dice uno de los asaltantes a Jos\u00e9 Nava Mosso, director de la Agencia de Noticias Guerrero (ANG) Yasm\u00edn Garc\u00eda Chino Chilpancingo, Gro., a 31 de julio&hellip; <\/p>\n","protected":false},"author":32,"featured_media":65476,"comment_status":"open","ping_status":"open","sticky":false,"template":"","format":"standard","meta":{"fifu_image_url":"","fifu_image_alt":"","footnotes":""},"categories":[29],"tags":[],"class_list":["post-65475","post","type-post","status-publish","format-standard","has-post-thumbnail","hentry","category-sociedad"],"_links":{"self":[{"href":"https:\/\/www.interaccionnoticias.com.mx\/index.php?rest_route=\/wp\/v2\/posts\/65475","targetHints":{"allow":["GET"]}}],"collection":[{"href":"https:\/\/www.interaccionnoticias.com.mx\/index.php?rest_route=\/wp\/v2\/posts"}],"about":[{"href":"https:\/\/www.interaccionnoticias.com.mx\/index.php?rest_route=\/wp\/v2\/types\/post"}],"author":[{"embeddable":true,"href":"https:\/\/www.interaccionnoticias.com.mx\/index.php?rest_route=\/wp\/v2\/users\/32"}],"replies":[{"embeddable":true,"href":"https:\/\/www.interaccionnoticias.com.mx\/index.php?rest_route=%2Fwp%2Fv2%2Fcomments&post=65475"}],"version-history":[{"count":1,"href":"https:\/\/www.interaccionnoticias.com.mx\/index.php?rest_route=\/wp\/v2\/posts\/65475\/revisions"}],"predecessor-version":[{"id":65477,"href":"https:\/\/www.interaccionnoticias.com.mx\/index.php?rest_route=\/wp\/v2\/posts\/65475\/revisions\/65477"}],"wp:featuredmedia":[{"embeddable":true,"href":"https:\/\/www.interaccionnoticias.com.mx\/index.php?rest_route=\/wp\/v2\/media\/65476"}],"wp:attachment":[{"href":"https:\/\/www.interaccionnoticias.com.mx\/index.php?rest_route=%2Fwp%2Fv2%2Fmedia&parent=65475"}],"wp:term":[{"taxonomy":"category","embeddable":true,"href":"https:\/\/www.interaccionnoticias.com.mx\/index.php?rest_route=%2Fwp%2Fv2%2Fcategories&post=65475"},{"taxonomy":"post_tag","embeddable":true,"href":"https:\/\/www.interaccionnoticias.com.mx\/index.php?rest_route=%2Fwp%2Fv2%2Ftags&post=65475"}],"curies":[{"name":"wp","href":"https:\/\/api.w.org\/{rel}","templated":true}]}}