{"id":65470,"date":"2023-07-31T18:23:46","date_gmt":"2023-07-31T23:23:46","guid":{"rendered":"https:\/\/interaccionnoticias.com.mx\/?p=65470"},"modified":"2023-07-31T18:23:48","modified_gmt":"2023-07-31T23:23:48","slug":"rugen-motores-de-motocicletas-en-el-ultimo-adios-al-padre-y-al-hijo-asesinados-en-la-autopista-del-sol","status":"publish","type":"post","link":"https:\/\/www.interaccionnoticias.com.mx\/?p=65470","title":{"rendered":"Rugen motores de motocicletas en el \u00faltimo adi\u00f3s al padre y al hijo asesinados en la Autopista del Sol"},"content":{"rendered":"\n<p><strong><em>&#8212; En el pante\u00f3n central, cientos de amigos, familiares y empresarios despiden a Jos\u00e9 Guadalupe Fuentes y su hijo Jos\u00e9 Manuel<\/em><\/strong><\/p>\n\n\n\n<p><strong>Rogelio Agust\u00edn<\/strong><\/p>\n\n\n\n<p>Familiares, empresarios, grupos de bikers y amigos de Jos\u00e9 Guadalupe Fuentes Brito y su hijo, Jos\u00e9 Manuel Fuentes Calvo, asesinados la noche del s\u00e1bado 29 de julio en la Autopista del Sol, les dieron el \u00faltimo adi\u00f3s en el pante\u00f3n central de la capital del estado, con un discreto clamor de justicia.<\/p>\n\n\n\n<p>Los familiares y amigos fueron citados a partir de las 14:00 horas en la capilla del antiguo pante\u00f3n de la cabecera municipal de Chilpancingo.<\/p>\n\n\n\n<p>El velorio se realiz\u00f3 de manera dicresta, con mucha concurrencia, porque tanto el hijo como el padre ten\u00edan v\u00ednculos amistosos muy amplios en la capital del estado.<\/p>\n\n\n\n<p>Hasta la tarde del lunes, la Fiscal\u00eda General del Estado (FGE) no habia dado a conocer informaci\u00f3n relacionada con el hecho, ni siquiera el bolet\u00edn con el que tradicionalmente se indica que ya se integr\u00f3 la carpeta de investigaci\u00f3n correspondiente.<\/p>\n\n\n\n<p>Para el mediod\u00eda del lunes 32, en varios portales de la capital de Guerrero ya se hab\u00eda retomado el clip de la conferencia matutina del presidente de la Rep\u00fablica, Andr\u00e9s Manuel L\u00f3pez Obrador, en donde habla de la tercera v\u00edctima mortal de los hechos del s\u00e1bado 29 en el retorno de San Judas Tadeo, el chofer de una camioneta de pasajeros de la ruta que va hacia Paso Morelos.<\/p>\n\n\n\n<p>\u201cSe piensa que el se\u00f1or de la camioneta vio algo sobre el crimen del se\u00f1or y su hijo y por eso tambi\u00e9n lo asesinaron. Se est\u00e1 investigando\u201d, dijo el titular del Ejecutivo federal.<\/p>\n\n\n\n<p>En los reportes policiacos que se conocen hasta el momento, se sabe que el doble asesinato se registr\u00f3 en el kil\u00f3metro 238 de la Autopista del Sol, a la altura del puente conocido como La Huaracha, en territorio del municipio d Eduardo Neri.<\/p>\n\n\n\n<p>El se\u00f1or Jos\u00e9 Guadalupe Fuentes Brito ten\u00eda 49 a\u00f1os de edad, su hijo Jos\u00e9 Manuel apenas 20, la esposa y madre de las v\u00edctimas se sabe que fue hospitalizada a partir de que tambi\u00e9n presenta una herida de bala.<\/p>\n\n\n\n<p>Los delincuentes que los interceptaron, sometieron y asesinaron se llevaron una camioneta Tacoma de color azul.<\/p>\n\n\n\n<p><strong>El \u00faltimo adi\u00f3s, con el rugir de motores<\/strong><\/p>\n\n\n\n<p>La convocatoria para el \u00faltimo adi\u00f3s del se\u00f1or Jos\u00e9 Guadalue y su hijo Jos\u00e9 Mabnuel llegaron cientos de personas, muchos comerciantes locales, j\u00f3venes e integrantes de varios clubes de motociclistas.<\/p>\n\n\n\n<p>En la parroquia del pante\u00f3n central se realiz\u00f3 la misa de cuerpo presente, la iglesia luci\u00f3 con lleno total, los que no cupieron se dispersaron bajo la sombra de los \u00e1rboles que se encuentran en los alrededores.<\/p>\n\n\n\n<p>Cuando la ceremonia religiosa termin\u00f3, uno de los hombres que llegaron con las motocicletas grit\u00f3: \u00a1bikers, saludar ya!<\/p>\n\n\n\n<p>Durante m\u00e1s de un minuto, los motores de motocicletas deportivas y cl\u00e1sicas rugieron, para luego acompa\u00f1ar a los dos fer\u00e9tros hacia su \u00faltima morada.<\/p>\n\n\n\n<p>Hubo un discreto clamor de justicia, provocado por el miedo que impone un hecho tan repentino y doloroso, como lo es el acto de sepultar en un mismo d\u00eda a un padre junto con su hijo.<\/p>\n\n\n\n<div class=\"wp-block-jetpack-tiled-gallery aligncenter is-style-rectangular\"><div class=\"tiled-gallery__gallery\"><div class=\"tiled-gallery__row\"><div class=\"tiled-gallery__col\" style=\"flex-basis:66.78744%\"><figure class=\"tiled-gallery__item\"><img decoding=\"async\" alt=\"\" data-height=\"750\" data-id=\"65471\" data-link=\"https:\/\/interaccionnoticias.com.mx\/?attachment_id=65471\" data-url=\"https:\/\/interaccionnoticias.com.mx\/wp-content\/uploads\/2023\/07\/230731-Rugen-motores-2-1024x683.jpg\" data-width=\"1125\" src=\"https:\/\/i2.wp.com\/www.interaccionnoticias.com.mx\/wp-content\/uploads\/2023\/07\/230731-Rugen-motores-2-1024x683.jpg\" data-amp-layout=\"responsive\"\/><\/figure><\/div><div class=\"tiled-gallery__col\" style=\"flex-basis:33.21256%\"><figure class=\"tiled-gallery__item\"><img decoding=\"async\" alt=\"\" data-height=\"750\" data-id=\"65472\" data-link=\"https:\/\/interaccionnoticias.com.mx\/?attachment_id=65472\" data-url=\"https:\/\/interaccionnoticias.com.mx\/wp-content\/uploads\/2023\/07\/230731-Rugen-motores-3-1024x683.jpg\" data-width=\"1125\" src=\"https:\/\/i0.wp.com\/www.interaccionnoticias.com.mx\/wp-content\/uploads\/2023\/07\/230731-Rugen-motores-3-1024x683.jpg\" data-amp-layout=\"responsive\"\/><\/figure><figure class=\"tiled-gallery__item\"><img decoding=\"async\" alt=\"\" data-height=\"750\" data-id=\"65473\" data-link=\"https:\/\/interaccionnoticias.com.mx\/?attachment_id=65473\" data-url=\"https:\/\/interaccionnoticias.com.mx\/wp-content\/uploads\/2023\/07\/230731-Rugen-motores-1-1024x683.jpg\" data-width=\"1125\" src=\"https:\/\/i0.wp.com\/www.interaccionnoticias.com.mx\/wp-content\/uploads\/2023\/07\/230731-Rugen-motores-1-1024x683.jpg\" data-amp-layout=\"responsive\"\/><\/figure><\/div><\/div><\/div><\/div>\n","protected":false},"excerpt":{"rendered":"<p>&#8212; En el pante\u00f3n central, cientos de amigos, familiares y empresarios despiden a Jos\u00e9 Guadalupe Fuentes y su hijo Jos\u00e9 Manuel Rogelio Agust\u00edn Familiares, empresarios, grupos de bikers y amigos&hellip; <\/p>\n","protected":false},"author":21,"featured_media":65472,"comment_status":"open","ping_status":"open","sticky":false,"template":"","format":"standard","meta":{"fifu_image_url":"","fifu_image_alt":"","footnotes":""},"categories":[29],"tags":[],"class_list":["post-65470","post","type-post","status-publish","format-standard","has-post-thumbnail","hentry","category-sociedad"],"_links":{"self":[{"href":"https:\/\/www.interaccionnoticias.com.mx\/index.php?rest_route=\/wp\/v2\/posts\/65470","targetHints":{"allow":["GET"]}}],"collection":[{"href":"https:\/\/www.interaccionnoticias.com.mx\/index.php?rest_route=\/wp\/v2\/posts"}],"about":[{"href":"https:\/\/www.interaccionnoticias.com.mx\/index.php?rest_route=\/wp\/v2\/types\/post"}],"author":[{"embeddable":true,"href":"https:\/\/www.interaccionnoticias.com.mx\/index.php?rest_route=\/wp\/v2\/users\/21"}],"replies":[{"embeddable":true,"href":"https:\/\/www.interaccionnoticias.com.mx\/index.php?rest_route=%2Fwp%2Fv2%2Fcomments&post=65470"}],"version-history":[{"count":1,"href":"https:\/\/www.interaccionnoticias.com.mx\/index.php?rest_route=\/wp\/v2\/posts\/65470\/revisions"}],"predecessor-version":[{"id":65474,"href":"https:\/\/www.interaccionnoticias.com.mx\/index.php?rest_route=\/wp\/v2\/posts\/65470\/revisions\/65474"}],"wp:featuredmedia":[{"embeddable":true,"href":"https:\/\/www.interaccionnoticias.com.mx\/index.php?rest_route=\/wp\/v2\/media\/65472"}],"wp:attachment":[{"href":"https:\/\/www.interaccionnoticias.com.mx\/index.php?rest_route=%2Fwp%2Fv2%2Fmedia&parent=65470"}],"wp:term":[{"taxonomy":"category","embeddable":true,"href":"https:\/\/www.interaccionnoticias.com.mx\/index.php?rest_route=%2Fwp%2Fv2%2Fcategories&post=65470"},{"taxonomy":"post_tag","embeddable":true,"href":"https:\/\/www.interaccionnoticias.com.mx\/index.php?rest_route=%2Fwp%2Fv2%2Ftags&post=65470"}],"curies":[{"name":"wp","href":"https:\/\/api.w.org\/{rel}","templated":true}]}}