{"id":65455,"date":"2023-07-31T13:25:45","date_gmt":"2023-07-31T18:25:45","guid":{"rendered":"https:\/\/interaccionnoticias.com.mx\/?p=65455"},"modified":"2023-07-31T13:25:47","modified_gmt":"2023-07-31T18:25:47","slug":"atracan-8-locales-de-mercado-en-la-colonia-del-pri-en-chilpancingo","status":"publish","type":"post","link":"https:\/\/www.interaccionnoticias.com.mx\/?p=65455","title":{"rendered":"Atracan 8 locales de mercado en la colonia del PRI, en Chilpancingo"},"content":{"rendered":"\n<p><em><strong>&#8212; Es el s\u00e9ptimo robo en lo que va del a\u00f1o, denuncian los afectados<\/strong><\/em><\/p>\n\n\n\n<p><strong>Rogelio Agust\u00edn<\/strong><\/p>\n\n\n\n<p>Entre la noche del domingo 30 y la madrugada del lunes 31 de julio, ocho locales de diferentes giros comerciales fueron saqueados en el mercado de zona de la colonia del PRI, lo que provoc\u00f3 la inconformidad de los propietarios, ya que son por lo menos siete atracos similares registrados en lo que va del a\u00f1o.<\/p>\n\n\n\n<p>Los negocios afectados son principalmente de abarrote, carnes y hasta fondas, el velador de la central de abasto fue localizado en estado de ebriedad, por lo que la polic\u00eda preventiva lo detuvo.<\/p>\n\n\n\n<p>De acuerdo conlos afectados, el hecho se registr\u00f3 durante la noche del domingo y la ma\u00f1ana del lunes, \u00e9l o los ladrones pudieron actuar sin complicaciones, debido a que el velador se encontraba dormido, tras una aparente ingesta de alcohol.<\/p>\n\n\n\n<p>Para la na\u00f1ana del lunes, cuando se alistaban para iniciar su jornada de rutina, los propietarios de los negocios se percataron del hecho y se negaron a comenzar a trabajar, para permitir que llegaran las autoridades con la intenci\u00f3n de hacer el inventario de lo robado y proceder a levantar la denuncia correspondiente.<\/p>\n\n\n\n<p>Dijeron que no es la primera vez que sucede, en lo que va de 2023, han contado por lo menos siete robos de las mismas carcater\u00edsticas.<\/p>\n\n\n\n<p>Aunque las instalaciones cuentan con c\u00e1maras de vigilancia, hasta el momento, los materiales recuperados no han sido \u00faltiles para dar con los responsables, pues se han cuidado de tener el rostro cubierto y se apeovechan de la oscuridad, as\u00ed como de los puntos ciegos que afectan el alcance de los dispositivos de vigilancia.<\/p>\n\n\n\n<p>Al lugar se present\u00f3 Santiago Ren\u00e9 Linares, director de mercados en el ayuntamiento de Chilpancingo, quien invit\u00f3 a los afectados a presentarse ante el Ministerio P\u00fablico para presentar la denuncia correspondiente, con la intenci\u00f3n de que se pueda avanzar en el desahogo de las investigaciones.<\/p>\n\n\n\n<p>Este martes 1 de agosto, en Chilpancingo se va a celebrar el D\u00eda del Comerciante.<\/p>\n\n\n\n<p>En su conferencia matutina, la alcaldesa Norma Otilia Hern\u00e1ndez Mart\u00ednez dio a conocer que realizar\u00e1 un recorrido por todos los mercados de la capital, incluido el de la colonia del PRI.<\/p>\n\n\n\n<div class=\"wp-block-jetpack-tiled-gallery aligncenter is-style-rectangular\"><div class=\"tiled-gallery__gallery\"><div class=\"tiled-gallery__row\"><div class=\"tiled-gallery__col\" style=\"flex-basis:66.78744%\"><figure class=\"tiled-gallery__item\"><img decoding=\"async\" alt=\"\" data-height=\"750\" data-id=\"65456\" data-link=\"https:\/\/interaccionnoticias.com.mx\/?attachment_id=65456\" data-url=\"https:\/\/interaccionnoticias.com.mx\/wp-content\/uploads\/2023\/07\/230731-locales-2-1024x683.jpg\" data-width=\"1125\" src=\"https:\/\/i1.wp.com\/www.interaccionnoticias.com.mx\/wp-content\/uploads\/2023\/07\/230731-locales-2-1024x683.jpg\" data-amp-layout=\"responsive\"\/><\/figure><\/div><div class=\"tiled-gallery__col\" style=\"flex-basis:33.21256%\"><figure class=\"tiled-gallery__item\"><img decoding=\"async\" alt=\"\" data-height=\"750\" data-id=\"65457\" data-link=\"https:\/\/interaccionnoticias.com.mx\/?attachment_id=65457\" data-url=\"https:\/\/interaccionnoticias.com.mx\/wp-content\/uploads\/2023\/07\/230731-locales-3-1024x683.jpg\" data-width=\"1125\" src=\"https:\/\/i0.wp.com\/www.interaccionnoticias.com.mx\/wp-content\/uploads\/2023\/07\/230731-locales-3-1024x683.jpg\" data-amp-layout=\"responsive\"\/><\/figure><figure class=\"tiled-gallery__item\"><img decoding=\"async\" alt=\"\" data-height=\"750\" data-id=\"65459\" data-link=\"https:\/\/interaccionnoticias.com.mx\/?attachment_id=65459\" data-url=\"https:\/\/interaccionnoticias.com.mx\/wp-content\/uploads\/2023\/07\/230731-locales-1-1024x683.jpg\" data-width=\"1125\" src=\"https:\/\/i1.wp.com\/www.interaccionnoticias.com.mx\/wp-content\/uploads\/2023\/07\/230731-locales-1-1024x683.jpg\" data-amp-layout=\"responsive\"\/><\/figure><\/div><\/div><div class=\"tiled-gallery__row\"><div class=\"tiled-gallery__col\" style=\"flex-basis:100.00000%\"><figure class=\"tiled-gallery__item\"><img decoding=\"async\" alt=\"\" data-height=\"750\" data-id=\"65458\" data-link=\"https:\/\/interaccionnoticias.com.mx\/?attachment_id=65458\" data-url=\"https:\/\/interaccionnoticias.com.mx\/wp-content\/uploads\/2023\/07\/230731-locales-4-1024x683.jpg\" data-width=\"1125\" src=\"https:\/\/i1.wp.com\/www.interaccionnoticias.com.mx\/wp-content\/uploads\/2023\/07\/230731-locales-4-1024x683.jpg\" data-amp-layout=\"responsive\"\/><\/figure><\/div><\/div><\/div><\/div>\n","protected":false},"excerpt":{"rendered":"<p>&#8212; Es el s\u00e9ptimo robo en lo que va del a\u00f1o, denuncian los afectados Rogelio Agust\u00edn Entre la noche del domingo 30 y la madrugada del lunes 31 de julio,&hellip; <\/p>\n","protected":false},"author":21,"featured_media":65458,"comment_status":"open","ping_status":"open","sticky":false,"template":"","format":"standard","meta":{"fifu_image_url":"","fifu_image_alt":"","footnotes":""},"categories":[27],"tags":[],"class_list":["post-65455","post","type-post","status-publish","format-standard","has-post-thumbnail","hentry","category-seguridad-publica"],"_links":{"self":[{"href":"https:\/\/www.interaccionnoticias.com.mx\/index.php?rest_route=\/wp\/v2\/posts\/65455","targetHints":{"allow":["GET"]}}],"collection":[{"href":"https:\/\/www.interaccionnoticias.com.mx\/index.php?rest_route=\/wp\/v2\/posts"}],"about":[{"href":"https:\/\/www.interaccionnoticias.com.mx\/index.php?rest_route=\/wp\/v2\/types\/post"}],"author":[{"embeddable":true,"href":"https:\/\/www.interaccionnoticias.com.mx\/index.php?rest_route=\/wp\/v2\/users\/21"}],"replies":[{"embeddable":true,"href":"https:\/\/www.interaccionnoticias.com.mx\/index.php?rest_route=%2Fwp%2Fv2%2Fcomments&post=65455"}],"version-history":[{"count":1,"href":"https:\/\/www.interaccionnoticias.com.mx\/index.php?rest_route=\/wp\/v2\/posts\/65455\/revisions"}],"predecessor-version":[{"id":65460,"href":"https:\/\/www.interaccionnoticias.com.mx\/index.php?rest_route=\/wp\/v2\/posts\/65455\/revisions\/65460"}],"wp:featuredmedia":[{"embeddable":true,"href":"https:\/\/www.interaccionnoticias.com.mx\/index.php?rest_route=\/wp\/v2\/media\/65458"}],"wp:attachment":[{"href":"https:\/\/www.interaccionnoticias.com.mx\/index.php?rest_route=%2Fwp%2Fv2%2Fmedia&parent=65455"}],"wp:term":[{"taxonomy":"category","embeddable":true,"href":"https:\/\/www.interaccionnoticias.com.mx\/index.php?rest_route=%2Fwp%2Fv2%2Fcategories&post=65455"},{"taxonomy":"post_tag","embeddable":true,"href":"https:\/\/www.interaccionnoticias.com.mx\/index.php?rest_route=%2Fwp%2Fv2%2Ftags&post=65455"}],"curies":[{"name":"wp","href":"https:\/\/api.w.org\/{rel}","templated":true}]}}