{"id":6541,"date":"2017-07-16T20:27:32","date_gmt":"2017-07-17T01:27:32","guid":{"rendered":"http:\/\/www.inter-accion.com.mx\/?p=6541"},"modified":"2017-07-16T20:27:32","modified_gmt":"2017-07-17T01:27:32","slug":"militares-y-policias-aseguran-vehiculo-robado-y-equipo-tactico","status":"publish","type":"post","link":"https:\/\/www.interaccionnoticias.com.mx\/?p=6541","title":{"rendered":"Militares y polic\u00edas aseguran veh\u00edculo robado y equipo t\u00e1ctico"},"content":{"rendered":"<p>Elementos de la Polic\u00eda del Estado, adscritos a la&nbsp;Coordinaci\u00f3n Operativa de la Regi\u00f3n de Costa Grande, en coordinaci\u00f3n con personal del Ej\u00e9rcito Mexicano aseguraron en El Naranjito, municipio de La Uni\u00f3n, un veh\u00edculo con reporte de robo y equipo t\u00e1ctico.<br \/>\nLa Secretar\u00eda de Seguridad P\u00fablica (SSP) inform\u00f3, que el personal&nbsp;realizaba un recorrido de prevenci\u00f3n del delito en la localidad El Naranjito, en el municipio de La Uni\u00f3n, por lo que al transitar por una calle observaron un veh\u00edculo marca Chevrolet, tipo Astra, color gris, que hab\u00eda sido abandonado y chocado de la parte de frente.<br \/>\nAl revisar los datos de la unidad motriz, los uniformados confirmaron que se trataba de un veh\u00edculo&nbsp;&nbsp;modelo 2005, placas de circulaci\u00f3n GZH-23-96 del estado de Guerrero, con n\u00famero de serie 93CTC69B55B256468, el cual al ser compulsados en la base de datos del Registro P\u00fablico Vehicular (REPUVE) se detect\u00f3 que ten\u00eda reporte de robo.<br \/>\nDentro del veh\u00edculo se asegur\u00f3 una mochila deportiva color negro, en ella hab\u00eda 2 porta cargadores, una fornitura con tirantes, una mascara antig\u00e1s, una placa bal\u00edstica marca Marric, modelo MAR-P3-1, nivel 3 y n\u00famero de serie 070.<br \/>\nEl equipo t\u00e1ctico y dem\u00e1s objetos fueron asegurados y puestos a disposici\u00f3n de las autoridades competentes, para efecto de que se integre la Carpeta de Investigaci\u00f3n sobre el caso.&nbsp;<br \/>\nNo hubo personas detenidas.<\/p>\n","protected":false},"excerpt":{"rendered":"<p>Elementos de la Polic\u00eda del Estado, adscritos a la&nbsp;Coordinaci\u00f3n Operativa de la Regi\u00f3n de Costa Grande, en coordinaci\u00f3n con personal del Ej\u00e9rcito Mexicano aseguraron en El Naranjito, municipio de La&hellip; <\/p>\n","protected":false},"author":1,"featured_media":0,"comment_status":"closed","ping_status":"closed","sticky":false,"template":"","format":"standard","meta":{"fifu_image_url":"","fifu_image_alt":"","footnotes":""},"categories":[8,27],"tags":[],"class_list":["post-6541","post","type-post","status-publish","format-standard","hentry","category-featured","category-seguridad-publica"],"_links":{"self":[{"href":"https:\/\/www.interaccionnoticias.com.mx\/index.php?rest_route=\/wp\/v2\/posts\/6541","targetHints":{"allow":["GET"]}}],"collection":[{"href":"https:\/\/www.interaccionnoticias.com.mx\/index.php?rest_route=\/wp\/v2\/posts"}],"about":[{"href":"https:\/\/www.interaccionnoticias.com.mx\/index.php?rest_route=\/wp\/v2\/types\/post"}],"author":[{"embeddable":true,"href":"https:\/\/www.interaccionnoticias.com.mx\/index.php?rest_route=\/wp\/v2\/users\/1"}],"replies":[{"embeddable":true,"href":"https:\/\/www.interaccionnoticias.com.mx\/index.php?rest_route=%2Fwp%2Fv2%2Fcomments&post=6541"}],"version-history":[{"count":0,"href":"https:\/\/www.interaccionnoticias.com.mx\/index.php?rest_route=\/wp\/v2\/posts\/6541\/revisions"}],"wp:attachment":[{"href":"https:\/\/www.interaccionnoticias.com.mx\/index.php?rest_route=%2Fwp%2Fv2%2Fmedia&parent=6541"}],"wp:term":[{"taxonomy":"category","embeddable":true,"href":"https:\/\/www.interaccionnoticias.com.mx\/index.php?rest_route=%2Fwp%2Fv2%2Fcategories&post=6541"},{"taxonomy":"post_tag","embeddable":true,"href":"https:\/\/www.interaccionnoticias.com.mx\/index.php?rest_route=%2Fwp%2Fv2%2Ftags&post=6541"}],"curies":[{"name":"wp","href":"https:\/\/api.w.org\/{rel}","templated":true}]}}