{"id":6535,"date":"2017-07-16T19:23:50","date_gmt":"2017-07-17T00:23:50","guid":{"rendered":"http:\/\/www.inter-accion.com.mx\/?p=6535"},"modified":"2017-07-16T19:23:50","modified_gmt":"2017-07-17T00:23:50","slug":"urgente-que-la-policia-preventiva-reoriente-sus-prioridades","status":"publish","type":"post","link":"https:\/\/www.interaccionnoticias.com.mx\/?p=6535","title":{"rendered":"\u00a0Urgente que la Polic\u00eda Preventiva reoriente sus prioridades"},"content":{"rendered":"<p>El presidente de la Comisi\u00f3n de Seguridad P\u00fablica del Congreso local, Ricardo Mejia Berdeja sostuvo que es necesario que las polic\u00edas preventivas redireccionen sus prioridades, para en realidad contribuyan a la contenci\u00f3n de la violencia que genera el crimen organizado.<br \/>\nMej\u00eda Berdeja sostuvo que&nbsp;las polic\u00edas municipales deben dejar de detener a la gente por tirar basura en los sitios destinados a ello, para que en realidad prevengan el delito y detengan delincuentes, como lo establece su mandato.<br \/>\n&nbsp;\u201cMientras la epidemia de la extorsi\u00f3n crece, Acapulco se est\u00e1 ahogando y las autoridades no hacen nada por combatirlo\u201d, asever\u00f3 el tambi\u00e9n coordinador de la fracci\u00f3n parlamentaria del Movimiento Ciudadano (MC).<br \/>\nSostuvo que mientras la polic\u00eda no detenga a los cobra cuotas o a los asesinos, se est\u00e1 condenado a morir solos a los ciudadanos.<br \/>\nRecord\u00f3 que hace varios d\u00edas, cuatro elementos de la polic\u00eda municipal de Acapulco quisieron detener a un ciudadano luego de que este tirar su basura en un contenedor, sin embargo fue acusado de hacerlo en un sitio prohibido, pese a que era muy claro que estaba en un punto destinado para ello.<br \/>\n\u201cComo tampoco funcionan los servicios de saneamiento b\u00e1sico, la gente tiene que buscar la manera de solucionar el problema y resulta que la polic\u00eda se hace presente bajo qui\u00e9n sabe qu\u00e9 argumentos\u201d y agreg\u00f3.<br \/>\nPor esa raz\u00f3n, manifest\u00f3 la necesidad de que la autoridad municipal se avoque a resolver el problema de la seguridad p\u00fablica desde su \u00e1mbito de competencia, que es la prevenci\u00f3n del delito y la detenci\u00f3n en flagrancia de los delincuentes, de lo contrario surge la duda de para que se les tiene en operaci\u00f3n.<br \/>\nEnfatiz\u00f3 en el hecho de colocar en el centro de la agenda p\u00fablica el tema de la seguridad, porque&nbsp;&nbsp;si no hay seguridad significa que el gobierno le est\u00e1 fallando a la gente ya que es la principal obligaci\u00f3n de las administraciones p\u00fablicas.<br \/>\n&nbsp;<\/p>\n","protected":false},"excerpt":{"rendered":"<p>El presidente de la Comisi\u00f3n de Seguridad P\u00fablica del Congreso local, Ricardo Mejia Berdeja sostuvo que es necesario que las polic\u00edas preventivas redireccionen sus prioridades, para en realidad contribuyan a&hellip; <\/p>\n","protected":false},"author":1,"featured_media":0,"comment_status":"closed","ping_status":"closed","sticky":false,"template":"","format":"standard","meta":{"fifu_image_url":"","fifu_image_alt":"","footnotes":""},"categories":[2,8],"tags":[],"class_list":["post-6535","post","type-post","status-publish","format-standard","hentry","category-congreso","category-featured"],"_links":{"self":[{"href":"https:\/\/www.interaccionnoticias.com.mx\/index.php?rest_route=\/wp\/v2\/posts\/6535","targetHints":{"allow":["GET"]}}],"collection":[{"href":"https:\/\/www.interaccionnoticias.com.mx\/index.php?rest_route=\/wp\/v2\/posts"}],"about":[{"href":"https:\/\/www.interaccionnoticias.com.mx\/index.php?rest_route=\/wp\/v2\/types\/post"}],"author":[{"embeddable":true,"href":"https:\/\/www.interaccionnoticias.com.mx\/index.php?rest_route=\/wp\/v2\/users\/1"}],"replies":[{"embeddable":true,"href":"https:\/\/www.interaccionnoticias.com.mx\/index.php?rest_route=%2Fwp%2Fv2%2Fcomments&post=6535"}],"version-history":[{"count":0,"href":"https:\/\/www.interaccionnoticias.com.mx\/index.php?rest_route=\/wp\/v2\/posts\/6535\/revisions"}],"wp:attachment":[{"href":"https:\/\/www.interaccionnoticias.com.mx\/index.php?rest_route=%2Fwp%2Fv2%2Fmedia&parent=6535"}],"wp:term":[{"taxonomy":"category","embeddable":true,"href":"https:\/\/www.interaccionnoticias.com.mx\/index.php?rest_route=%2Fwp%2Fv2%2Fcategories&post=6535"},{"taxonomy":"post_tag","embeddable":true,"href":"https:\/\/www.interaccionnoticias.com.mx\/index.php?rest_route=%2Fwp%2Fv2%2Ftags&post=6535"}],"curies":[{"name":"wp","href":"https:\/\/api.w.org\/{rel}","templated":true}]}}