{"id":65347,"date":"2023-07-27T21:42:37","date_gmt":"2023-07-28T02:42:37","guid":{"rendered":"https:\/\/interaccionnoticias.com.mx\/?p=65347"},"modified":"2023-07-27T21:42:39","modified_gmt":"2023-07-28T02:42:39","slug":"las-sanciones-a-los-deudores-alimentarios-no-son-bien-vistas-por-los-aspirantes-a-cargos-de-eleccion-popular-que-tienen-esos-antecedentes","status":"publish","type":"post","link":"https:\/\/www.interaccionnoticias.com.mx\/?p=65347","title":{"rendered":"Las sanciones a los deudores alimentarios no son bien vistas por los aspirantes a cargos de elecci\u00f3n popular que tienen esos antecedentes"},"content":{"rendered":"\n<p><strong>Rosario Garc\u00eda Orozco<\/strong><\/p>\n\n\n\n<p><strong>Chilpancingo, Gro., 27 de julio del 2023.-<\/strong> La aprobaci\u00f3n de sanciones para que los aspirantes a cargos de elecci\u00f3n popular que sean deudores alimentarios, no sean registrados ante los \u00f3rganos electorales, no fue bien vista por quienes tienen problemas de ese tipo, sostuvo la diputada local Flor A\u00f1orve Ocampo.<\/p>\n\n\n\n<p>Dijo que esa iniciativa aprobada por el Congreso Local como requisito para el registro de aspirantes, representa un acto de justicia.<\/p>\n\n\n\n<p>Destac\u00f3 la importancia de que al interior del Poder Legislativo se hayan impulsado las reformas correspondientes para no permitir que personas que no pueden cumplir con la obligaci\u00f3n con su familia, accedan a puestos de elecci\u00f3n popular en el pr\u00f3ximo proceso electoral.<\/p>\n\n\n\n<p>La medida implica que las personas deudoras alimentarias no pueda tampoco acceder a puestos en la administraci\u00f3n p\u00fablica, y es que, a decir de la legisladora pri\u00edsta, hay muchos \u201cpap\u00e1s que son omisos y no cumplen con sus obligaciones\u201d.<\/p>\n\n\n\n<p>Record\u00f3 que el Senado de la Rep\u00fablica ya hab\u00eda aprobado esa iniciativa, \u00aby nosotros deb\u00edamos ser congruentes para empatar tambi\u00e9n las leyes aqu\u00ed en el estado de Guerrero\u00bb.<\/p>\n\n\n\n<p>En Guerrero, dijo la legisladora pri\u00edsta, se propuso que tambi\u00e9n los deudores alimentarios, las personas que est\u00e9n denunciadas por violencia dom\u00e9stica y violencia f\u00edsica contra las mujeres no puedan ocupar ning\u00fan cargo de elecci\u00f3n popular y tampoco ning\u00fan cargo en la administraci\u00f3n p\u00fablica tanto a nivel estatal como a nivel municipal, \u00abcreo que es algo que beneficia mucho a los j\u00f3venes, los ni\u00f1os y a las mujeres violentadas\u201d.<\/p>\n\n\n\n<p>Insisti\u00f3 en que esa medida ayuda a los menores ante la omisi\u00f3n del padre de familia para su manutenci\u00f3n, por lo que llam\u00f3 a la poblaci\u00f3n a evitar formar parte de la lista de deudores alimentarios, por las implicaciones que eso conlleva.<\/p>\n\n\n\n<p>A decir de A\u00f1orve Ocampo, una persona que no cumple con sus obligaciones familiares dif\u00edcilmente podr\u00e1 cumplir con sus obligaciones para las cuales pudiera ser electo por la sociedad en un proceso electoral.<\/p>\n","protected":false},"excerpt":{"rendered":"<p>Rosario Garc\u00eda Orozco Chilpancingo, Gro., 27 de julio del 2023.- La aprobaci\u00f3n de sanciones para que los aspirantes a cargos de elecci\u00f3n popular que sean deudores alimentarios, no sean registrados&hellip; <\/p>\n","protected":false},"author":14,"featured_media":65348,"comment_status":"open","ping_status":"open","sticky":false,"template":"","format":"standard","meta":{"fifu_image_url":"","fifu_image_alt":"","footnotes":""},"categories":[2],"tags":[],"class_list":["post-65347","post","type-post","status-publish","format-standard","has-post-thumbnail","hentry","category-congreso"],"_links":{"self":[{"href":"https:\/\/www.interaccionnoticias.com.mx\/index.php?rest_route=\/wp\/v2\/posts\/65347","targetHints":{"allow":["GET"]}}],"collection":[{"href":"https:\/\/www.interaccionnoticias.com.mx\/index.php?rest_route=\/wp\/v2\/posts"}],"about":[{"href":"https:\/\/www.interaccionnoticias.com.mx\/index.php?rest_route=\/wp\/v2\/types\/post"}],"author":[{"embeddable":true,"href":"https:\/\/www.interaccionnoticias.com.mx\/index.php?rest_route=\/wp\/v2\/users\/14"}],"replies":[{"embeddable":true,"href":"https:\/\/www.interaccionnoticias.com.mx\/index.php?rest_route=%2Fwp%2Fv2%2Fcomments&post=65347"}],"version-history":[{"count":1,"href":"https:\/\/www.interaccionnoticias.com.mx\/index.php?rest_route=\/wp\/v2\/posts\/65347\/revisions"}],"predecessor-version":[{"id":65349,"href":"https:\/\/www.interaccionnoticias.com.mx\/index.php?rest_route=\/wp\/v2\/posts\/65347\/revisions\/65349"}],"wp:featuredmedia":[{"embeddable":true,"href":"https:\/\/www.interaccionnoticias.com.mx\/index.php?rest_route=\/wp\/v2\/media\/65348"}],"wp:attachment":[{"href":"https:\/\/www.interaccionnoticias.com.mx\/index.php?rest_route=%2Fwp%2Fv2%2Fmedia&parent=65347"}],"wp:term":[{"taxonomy":"category","embeddable":true,"href":"https:\/\/www.interaccionnoticias.com.mx\/index.php?rest_route=%2Fwp%2Fv2%2Fcategories&post=65347"},{"taxonomy":"post_tag","embeddable":true,"href":"https:\/\/www.interaccionnoticias.com.mx\/index.php?rest_route=%2Fwp%2Fv2%2Ftags&post=65347"}],"curies":[{"name":"wp","href":"https:\/\/api.w.org\/{rel}","templated":true}]}}