{"id":65344,"date":"2023-07-27T21:37:43","date_gmt":"2023-07-28T02:37:43","guid":{"rendered":"https:\/\/interaccionnoticias.com.mx\/?p=65344"},"modified":"2023-07-27T21:37:45","modified_gmt":"2023-07-28T02:37:45","slug":"pide-dirigente-estatal-del-pan-que-el-ine-sea-mas-energico","status":"publish","type":"post","link":"https:\/\/www.interaccionnoticias.com.mx\/?p=65344","title":{"rendered":"Pide dirigente estatal del PAN que el INE sea m\u00e1s en\u00e9rgico"},"content":{"rendered":"\n<p><strong>Rosario Garc\u00eda Orozco<\/strong><\/p>\n\n\n\n<p><strong>Chilpancingo, Gro., 27 de julio del 2023.-<\/strong> El dirigente estatal del Partido Acci\u00f3n Nacional (PAN), Eloy Salmer\u00f3n D\u00edaz consider\u00f3 que es necesario que el Instituto Nacional Electoral (INE) sea m\u00e1s \u00aben\u00e9rgico\u00bb en la aplicaci\u00f3n de la norma electoral, por los gastos y actos anticipados de precampa\u00f1as, rumbo a la elecci\u00f3n presidencial del 2024.<\/p>\n\n\n\n<p>Dijo que de requiere que sean contabilizados los gastos excesivos generados, para validar o no los registros de los aspirantes del partido Morena, a quienes acus\u00f3 de llevar a cabo todo tipo de actividades proselitistas por diferentes ciudades del pa\u00eds.<\/p>\n\n\n\n<p>El dirigente panista calific\u00f3 como positivos los lineamientos emitidos por el Instituto Nacional Electoral (INE) para el desarrollo de la etapa de la precampa\u00f1a presidencial, a fin de que los partidos pol\u00edticos se sujeten a las normas en la materia.<\/p>\n\n\n\n<p>Pero lament\u00f3 que esos lineamientos lleguen \u00abun poco tarde\u00bb, porque Morena, y en particular, el presidente de la Rep\u00fablica, Andr\u00e9s Manuel L\u00f3pez Obrador, coloc\u00f3 el tema de la elecci\u00f3n presidencial, de manera adelantada en la agenda nacional, para lo cual el INE no estaba preparado, pero \u00abvienen a poner un l\u00edmite a los gastos excesivos\u00bb, y eso es un avance, dijo Dalmer\u00f3n D\u00edaz.<\/p>\n\n\n\n<p>Sostuvo que a diferencia de Morena, \u201cnosotros en el Frente Amplio, estamos siendo muy respetuosos con las etapas electorales que se establecen\u00bb, de tal forma, que fue hasta este mi\u00e9rcoles cuando se instal\u00f3 en el \u00e1mbito nacional el Comit\u00e9&nbsp; Organizador, que se encargar\u00e1 de cuidar todo el proceso de definici\u00f3n del candidato y de lo que ser\u00e1 en la posteridad, el cuidado de las casillas.<\/p>\n\n\n\n<p>Eloy Salmer\u00f3n conf\u00edo en que el \u00e1rbitro electoral valore todos los elementos de prueba que se le haya hecho llegar, para validar o no el registro del candidato del partido Morena, sobre todo por los \u00abgastos excesivos que en este momento ejercen para el despliegue de la publicidad con expectaculares, lonas, pinta de bardas, y por las concentraciones masivas\u00bb.<\/p>\n\n\n\n<p>Dijo que desde Acci\u00f3n Nacional han recabado todos los elementos de pruebas sobre los gastos excesivos de los aspirantes presidenciales del Partido Morena, muchas de las cuales ya tiene en su poder el \u00e1rbitro electoral.<\/p>\n\n\n\n<p>Se\u00f1al\u00f3 que aunque tarde, los lineamientos del INE vienen a poner un l\u00edmite a los actos anticipados y los gastos excesivos de la etapa de la precampa\u00f1a, a que los pintas de las bardas, los encuentros masivos y el despliegue de propaganda sea frenada, incluso para que el titular del Ejecutivo federal se limite a no descalificar a los aspirantes del Frente Amplio.<\/p>\n","protected":false},"excerpt":{"rendered":"<p>Rosario Garc\u00eda Orozco Chilpancingo, Gro., 27 de julio del 2023.- El dirigente estatal del Partido Acci\u00f3n Nacional (PAN), Eloy Salmer\u00f3n D\u00edaz consider\u00f3 que es necesario que el Instituto Nacional Electoral&hellip; <\/p>\n","protected":false},"author":14,"featured_media":65345,"comment_status":"open","ping_status":"open","sticky":false,"template":"","format":"standard","meta":{"fifu_image_url":"","fifu_image_alt":"","footnotes":""},"categories":[21],"tags":[],"class_list":["post-65344","post","type-post","status-publish","format-standard","has-post-thumbnail","hentry","category-politica"],"_links":{"self":[{"href":"https:\/\/www.interaccionnoticias.com.mx\/index.php?rest_route=\/wp\/v2\/posts\/65344","targetHints":{"allow":["GET"]}}],"collection":[{"href":"https:\/\/www.interaccionnoticias.com.mx\/index.php?rest_route=\/wp\/v2\/posts"}],"about":[{"href":"https:\/\/www.interaccionnoticias.com.mx\/index.php?rest_route=\/wp\/v2\/types\/post"}],"author":[{"embeddable":true,"href":"https:\/\/www.interaccionnoticias.com.mx\/index.php?rest_route=\/wp\/v2\/users\/14"}],"replies":[{"embeddable":true,"href":"https:\/\/www.interaccionnoticias.com.mx\/index.php?rest_route=%2Fwp%2Fv2%2Fcomments&post=65344"}],"version-history":[{"count":1,"href":"https:\/\/www.interaccionnoticias.com.mx\/index.php?rest_route=\/wp\/v2\/posts\/65344\/revisions"}],"predecessor-version":[{"id":65346,"href":"https:\/\/www.interaccionnoticias.com.mx\/index.php?rest_route=\/wp\/v2\/posts\/65344\/revisions\/65346"}],"wp:featuredmedia":[{"embeddable":true,"href":"https:\/\/www.interaccionnoticias.com.mx\/index.php?rest_route=\/wp\/v2\/media\/65345"}],"wp:attachment":[{"href":"https:\/\/www.interaccionnoticias.com.mx\/index.php?rest_route=%2Fwp%2Fv2%2Fmedia&parent=65344"}],"wp:term":[{"taxonomy":"category","embeddable":true,"href":"https:\/\/www.interaccionnoticias.com.mx\/index.php?rest_route=%2Fwp%2Fv2%2Fcategories&post=65344"},{"taxonomy":"post_tag","embeddable":true,"href":"https:\/\/www.interaccionnoticias.com.mx\/index.php?rest_route=%2Fwp%2Fv2%2Ftags&post=65344"}],"curies":[{"name":"wp","href":"https:\/\/api.w.org\/{rel}","templated":true}]}}