{"id":65341,"date":"2023-07-27T19:10:30","date_gmt":"2023-07-28T00:10:30","guid":{"rendered":"https:\/\/interaccionnoticias.com.mx\/?p=65341"},"modified":"2023-07-27T19:10:32","modified_gmt":"2023-07-28T00:10:32","slug":"hallan-dos-cadaveres-calcinados-dentro-de-un-vehiculo-en-el-tepehuaje-municipio-de-juan-r-escudero","status":"publish","type":"post","link":"https:\/\/www.interaccionnoticias.com.mx\/?p=65341","title":{"rendered":"Hallan dos cad\u00e1veres calcinados dentro de un veh\u00edculo en el Tepehuaje, municipio de Juan R. Escudero"},"content":{"rendered":"\n<p><strong><em>&#8212; Se trasladaron al Semefo en calidad de desconocidos<\/em><\/strong><\/p>\n\n\n\n<p><strong>Rogelio Agust\u00edn<\/strong><\/p>\n\n\n\n<p><strong>Juan R. Escudero, Gro. 27 de Julio del 2023.-<\/strong> La polic\u00eda confirm\u00f3 el hallazgo de un vehiculo con dos cad\u00e1veres calcinados en su interior, en el acceso principal de la comunidad de \u201cEl Tepehuaje\u201d, municipio de Juan R. Escudero, en la regi\u00f3n Centro de la entidad.<\/p>\n\n\n\n<p>Durante la madrugada del jueves, los habitantes de la localidad avisaron respecto a la localizaci\u00f3n de un vehiculo tipo Tusru que se encontraba en llamas, lo que moviliz\u00f3 a personal de bomberos del municipio de Juan R. Escudero.<\/p>\n\n\n\n<p>Al controlar el fuego, los bomberos informaron que dentro de la unidad se encontraban los cad\u00e1veres de dos personas, misma que estaban calcinadas.<\/p>\n\n\n\n<p>Hacia dicho punto se desplazaron elementos de diferentes corporaciones policiacas, quienes preservaron la escena del crimen y dieron parte a los peritos de la Fiscal\u00eda General del Estado (FGE), para que realizara las diligencias de ley.<\/p>\n\n\n\n<p>Los cadaveres fueron trasladados al Servicio M\u00e9dico Forense (Semefo), donde se realizar\u00e1 la necropsia correspondiente, adem\u00e1s de que se realizar\u00e1n estudios de antropolog\u00eda forense y gen\u00e9tica, para efecto de establecer la identidad de las v\u00edctimas, que ingresaron a la morgue en calidad de desconocidos.<\/p>\n","protected":false},"excerpt":{"rendered":"<p>&#8212; Se trasladaron al Semefo en calidad de desconocidos Rogelio Agust\u00edn Juan R. Escudero, Gro. 27 de Julio del 2023.- La polic\u00eda confirm\u00f3 el hallazgo de un vehiculo con dos&hellip; <\/p>\n","protected":false},"author":21,"featured_media":65342,"comment_status":"open","ping_status":"open","sticky":false,"template":"","format":"standard","meta":{"fifu_image_url":"","fifu_image_alt":"","footnotes":""},"categories":[27],"tags":[],"class_list":["post-65341","post","type-post","status-publish","format-standard","has-post-thumbnail","hentry","category-seguridad-publica"],"_links":{"self":[{"href":"https:\/\/www.interaccionnoticias.com.mx\/index.php?rest_route=\/wp\/v2\/posts\/65341","targetHints":{"allow":["GET"]}}],"collection":[{"href":"https:\/\/www.interaccionnoticias.com.mx\/index.php?rest_route=\/wp\/v2\/posts"}],"about":[{"href":"https:\/\/www.interaccionnoticias.com.mx\/index.php?rest_route=\/wp\/v2\/types\/post"}],"author":[{"embeddable":true,"href":"https:\/\/www.interaccionnoticias.com.mx\/index.php?rest_route=\/wp\/v2\/users\/21"}],"replies":[{"embeddable":true,"href":"https:\/\/www.interaccionnoticias.com.mx\/index.php?rest_route=%2Fwp%2Fv2%2Fcomments&post=65341"}],"version-history":[{"count":1,"href":"https:\/\/www.interaccionnoticias.com.mx\/index.php?rest_route=\/wp\/v2\/posts\/65341\/revisions"}],"predecessor-version":[{"id":65343,"href":"https:\/\/www.interaccionnoticias.com.mx\/index.php?rest_route=\/wp\/v2\/posts\/65341\/revisions\/65343"}],"wp:featuredmedia":[{"embeddable":true,"href":"https:\/\/www.interaccionnoticias.com.mx\/index.php?rest_route=\/wp\/v2\/media\/65342"}],"wp:attachment":[{"href":"https:\/\/www.interaccionnoticias.com.mx\/index.php?rest_route=%2Fwp%2Fv2%2Fmedia&parent=65341"}],"wp:term":[{"taxonomy":"category","embeddable":true,"href":"https:\/\/www.interaccionnoticias.com.mx\/index.php?rest_route=%2Fwp%2Fv2%2Fcategories&post=65341"},{"taxonomy":"post_tag","embeddable":true,"href":"https:\/\/www.interaccionnoticias.com.mx\/index.php?rest_route=%2Fwp%2Fv2%2Ftags&post=65341"}],"curies":[{"name":"wp","href":"https:\/\/api.w.org\/{rel}","templated":true}]}}