{"id":65338,"date":"2023-07-27T17:33:07","date_gmt":"2023-07-27T22:33:07","guid":{"rendered":"https:\/\/interaccionnoticias.com.mx\/?p=65338"},"modified":"2023-07-27T17:33:09","modified_gmt":"2023-07-27T22:33:09","slug":"tras-el-enfrentamiento-en-tecoanapa-upoeg-reactivara-la-autodefensa-contra-el-crimen-senala-bruno-placido","status":"publish","type":"post","link":"https:\/\/www.interaccionnoticias.com.mx\/?p=65338","title":{"rendered":"Tras el enfrentamiento en Tecoanapa, UPOEG reactivar\u00e1 la autodefensa contra el crimen; se\u00f1ala Bruno Pl\u00e1cido"},"content":{"rendered":"\n<p><strong><em>&#8212; El dirigente reconoce que en 2022 bajaron la guardia, lo que aprobvecharon los delincuentes para ganar terreno<\/em><\/strong><\/p>\n\n\n\n<p><strong>Yasm\u00edn Garc\u00eda Chino<\/strong><\/p>\n\n\n\n<p><strong>Chilpancingo, Gro., a 27 de julio 2023.-<\/strong> El l\u00edder de la Uni\u00f3n de Pueblos y Organizaciones del Estado de Guerrero (UPOEG), Bruno Pl\u00e1cido Valerio sostuvo que tras el enfrentamiento registrado en Buena Vista de Allende, municipio de Tecoanapa, dicha organizaci\u00f3n reactivar\u00e1 la autodefensa contra los grupos del crimen organizado.<\/p>\n\n\n\n<p>El fundador de la Uni\u00f3n de Pueblos, confirm\u00f3 la muerte de cuatro integrantes de la autodefensa en el enfrentamiento que se suscit\u00f3 en Buenavista de Allende, por lo que asegur\u00f3 que volver\u00e1n a tomar el control de las regiones donde tienen presencia.<\/p>\n\n\n\n<p>Record\u00f3 que los pobladores Mario Cruz Ch\u00e1vez y J. Irene Gallardo Luna fueron privados de su libertad el domingo pasado, por lo que sus familiares iniciaron una jornada de b\u00fasqueda y pidieron el apoyo a la UPOEG, que les prest\u00f3 el auxilio.<\/p>\n\n\n\n<p>Indic\u00f3 que al encontrar una casa de seguridad, se desat\u00f3 un enfrentamiento que se prolong\u00f3 durante varias horas, lo que dej\u00f3 un saldo de cuatro comunitarios muertos, tres civiles heridos, as\u00ed como dos casas quemadas.<\/p>\n\n\n\n<p>Pl\u00e1cido Valerio sostuvo que son dos grupos del crimen organizado que se disputan el control de Tecoapana, son Los Rusos y Los Ardillos, por lo que hasta el momento, se desconoce con qu\u00e9 grupo se enfrent\u00f3 la UPOEG.<\/p>\n\n\n\n<p>Confirm\u00f3 el hallazgo de un veh\u00edculo calcinado sobre la carretera federal Tierra Colorada- Cruz Grande, as\u00ed como la localizaci\u00f3n de dos cad\u00e1veres en su interior, pero admiti\u00f3 que desconoce si se trata de los pobladores de Buenavista que se encuentran desaparecidos.<\/p>\n\n\n\n<p>Record\u00f3 que en a\u00f1o 2022, la UPOEG se repleg\u00f3 en aquel municipio y en las diferentes regiones, debido a la persecuci\u00f3n que comenzaron a sufrir por parte del gobierno, dejando la seguridad a cargo de la Polic\u00eda Estatal, Ej\u00e9rcito Mexicano y Guardia Nacional (GN).<\/p>\n\n\n\n<p>Asegur\u00f3 que ese repliegue en realidad sirvi\u00f3 para que los grupos delictivos avanzaran, lo que complic\u00f3 el tema de la seguridad para los ciudadanos.<\/p>\n\n\n\n<p>Ante las bajas que se registraron en Buenavista, indic\u00f3 que reactivar\u00e1n el sistema de autodefensa, para tomar el control de las regiones en que tienen presencia, para garantizar la seguridad a los pobladores.<\/p>\n\n\n\n<p>\u00abVamos a salir, vamos a tomar el control porque est\u00e1 visto que el estado no puede garantizar la seguridad\u00bb, asever\u00f3.<\/p>\n","protected":false},"excerpt":{"rendered":"<p>&#8212; El dirigente reconoce que en 2022 bajaron la guardia, lo que aprobvecharon los delincuentes para ganar terreno Yasm\u00edn Garc\u00eda Chino Chilpancingo, Gro., a 27 de julio 2023.- El l\u00edder&hellip; <\/p>\n","protected":false},"author":32,"featured_media":65339,"comment_status":"open","ping_status":"open","sticky":false,"template":"","format":"standard","meta":{"fifu_image_url":"","fifu_image_alt":"","footnotes":""},"categories":[23],"tags":[],"class_list":["post-65338","post","type-post","status-publish","format-standard","has-post-thumbnail","hentry","category-regionales"],"_links":{"self":[{"href":"https:\/\/www.interaccionnoticias.com.mx\/index.php?rest_route=\/wp\/v2\/posts\/65338","targetHints":{"allow":["GET"]}}],"collection":[{"href":"https:\/\/www.interaccionnoticias.com.mx\/index.php?rest_route=\/wp\/v2\/posts"}],"about":[{"href":"https:\/\/www.interaccionnoticias.com.mx\/index.php?rest_route=\/wp\/v2\/types\/post"}],"author":[{"embeddable":true,"href":"https:\/\/www.interaccionnoticias.com.mx\/index.php?rest_route=\/wp\/v2\/users\/32"}],"replies":[{"embeddable":true,"href":"https:\/\/www.interaccionnoticias.com.mx\/index.php?rest_route=%2Fwp%2Fv2%2Fcomments&post=65338"}],"version-history":[{"count":1,"href":"https:\/\/www.interaccionnoticias.com.mx\/index.php?rest_route=\/wp\/v2\/posts\/65338\/revisions"}],"predecessor-version":[{"id":65340,"href":"https:\/\/www.interaccionnoticias.com.mx\/index.php?rest_route=\/wp\/v2\/posts\/65338\/revisions\/65340"}],"wp:featuredmedia":[{"embeddable":true,"href":"https:\/\/www.interaccionnoticias.com.mx\/index.php?rest_route=\/wp\/v2\/media\/65339"}],"wp:attachment":[{"href":"https:\/\/www.interaccionnoticias.com.mx\/index.php?rest_route=%2Fwp%2Fv2%2Fmedia&parent=65338"}],"wp:term":[{"taxonomy":"category","embeddable":true,"href":"https:\/\/www.interaccionnoticias.com.mx\/index.php?rest_route=%2Fwp%2Fv2%2Fcategories&post=65338"},{"taxonomy":"post_tag","embeddable":true,"href":"https:\/\/www.interaccionnoticias.com.mx\/index.php?rest_route=%2Fwp%2Fv2%2Ftags&post=65338"}],"curies":[{"name":"wp","href":"https:\/\/api.w.org\/{rel}","templated":true}]}}