{"id":65336,"date":"2023-07-27T17:27:56","date_gmt":"2023-07-27T22:27:56","guid":{"rendered":"https:\/\/interaccionnoticias.com.mx\/?p=65336"},"modified":"2023-07-27T17:27:58","modified_gmt":"2023-07-27T22:27:58","slug":"fge-ya-investiga-el-asesinato-de-tres-policias-en-zumpango","status":"publish","type":"post","link":"https:\/\/www.interaccionnoticias.com.mx\/?p=65336","title":{"rendered":"FGE ya investiga el asesinato de tres polic\u00edas en Zumpango"},"content":{"rendered":"\n<p><strong><em>&#8212; Confirman la integraci\u00f3n de la carpeta de investigaci\u00f3n correspondiente<br>&#8212; En breve ceremonia, despiden al Coordinador Regional de la Polic\u00eda del Estado<\/em><\/strong><\/p>\n\n\n\n<p><strong>Rogelio Agust\u00edn<\/strong><\/p>\n\n\n\n<p>La Fiscal\u00eda General del Estado (FGE) integr\u00f3 una carpeta de investigaci\u00f3n en contra de quien resulte responsable del asesinato cometido en agravio de tres elementes de Seguridad P\u00fablica, entre ellos Efr\u00e9n Guzm\u00e1n Cant\u00fa, coordinador de la Polic\u00eda del Estado en la regi\u00f3n Centro de Guerrero.<\/p>\n\n\n\n<p>La jornada del jueves 27 de julio, la FGE inform\u00f3 a trav\u00e9s de su p\u00e1gina oficial, que ya estaba en curso la investigaci\u00f3n relacionada con el ataque registrado la tarde del mi\u00e9rcoles 26, en las inmediaciones del rancho \u201cLos Tres Garc\u00eda\u201d, ubicado en la periferia de Zumpango, cabecera municipal de Eduardo Neri.<\/p>\n\n\n\n<p>De acuerdo con la informaci\u00f3n que propocion\u00f3 la Secretar\u00eda de Seguridad P\u00fablica (SSP) la noche del 26, el comandante regional de la polic\u00eda estatal se present\u00f3 al punto referido, para atender una llamada de alerta a trav\u00e9s del n\u00famero de emergencias 911.<\/p>\n\n\n\n<p>La llamada deriv\u00f3 de la privaci\u00f3n de la libertad cometida en contra de un elemento de la Polic\u00eda Preventiva de Eduardo Neri, el cual se encontraba franco.<\/p>\n\n\n\n<p>Al llegar al rancho de referencia, los polic\u00edas estatales fueron agredidos con armas de fuego, lo que provoc\u00f3 la muerte de los oficiales Efr\u00e9n, Joel y Nicol\u00e1s \u201cN\u201d, los dos primeros, elementos de la Polic\u00eda del Estado y el tercero de la preventiva de Eduardo Neri.<\/p>\n\n\n\n<p>En el caso de Efr\u00e9n, se anota que se desempe\u00f1aba como coordinador de la policia en la regi\u00f3n Centro de Guerrero, lo que gener\u00f3 un fuerte impacto en el personal de la corporaci\u00f3n.<\/p>\n\n\n\n<p>La FGE inform\u00f3 que la tarde del mi\u00e9rcoles 25, agentes de la Polic\u00eda Investigadora Ministerial (PIM), as\u00ed como de Servicios Periciales se presentaron en el lugar de referencia, para realizar las diligencias correspondientes.<\/p>\n\n\n\n<p>En el lugar se recabaron los datos de prueba, encaminados a esclarecer los hechos, por lo que se integr\u00f3 la carpeta de investigaci\u00f3n correspondiente.<\/p>\n\n\n\n<p>Los cad\u00e1veres de los elementos de la SSP, fueron despedidos en una ceremonia muy breve realizada en el cuartel general de la Polic\u00eda del Estado.<\/p>\n","protected":false},"excerpt":{"rendered":"<p>&#8212; Confirman la integraci\u00f3n de la carpeta de investigaci\u00f3n correspondiente&#8212; En breve ceremonia, despiden al Coordinador Regional de la Polic\u00eda del Estado Rogelio Agust\u00edn La Fiscal\u00eda General del Estado (FGE)&hellip; <\/p>\n","protected":false},"author":21,"featured_media":65282,"comment_status":"open","ping_status":"open","sticky":false,"template":"","format":"standard","meta":{"fifu_image_url":"","fifu_image_alt":"","footnotes":""},"categories":[27],"tags":[],"class_list":["post-65336","post","type-post","status-publish","format-standard","has-post-thumbnail","hentry","category-seguridad-publica"],"_links":{"self":[{"href":"https:\/\/www.interaccionnoticias.com.mx\/index.php?rest_route=\/wp\/v2\/posts\/65336","targetHints":{"allow":["GET"]}}],"collection":[{"href":"https:\/\/www.interaccionnoticias.com.mx\/index.php?rest_route=\/wp\/v2\/posts"}],"about":[{"href":"https:\/\/www.interaccionnoticias.com.mx\/index.php?rest_route=\/wp\/v2\/types\/post"}],"author":[{"embeddable":true,"href":"https:\/\/www.interaccionnoticias.com.mx\/index.php?rest_route=\/wp\/v2\/users\/21"}],"replies":[{"embeddable":true,"href":"https:\/\/www.interaccionnoticias.com.mx\/index.php?rest_route=%2Fwp%2Fv2%2Fcomments&post=65336"}],"version-history":[{"count":1,"href":"https:\/\/www.interaccionnoticias.com.mx\/index.php?rest_route=\/wp\/v2\/posts\/65336\/revisions"}],"predecessor-version":[{"id":65337,"href":"https:\/\/www.interaccionnoticias.com.mx\/index.php?rest_route=\/wp\/v2\/posts\/65336\/revisions\/65337"}],"wp:featuredmedia":[{"embeddable":true,"href":"https:\/\/www.interaccionnoticias.com.mx\/index.php?rest_route=\/wp\/v2\/media\/65282"}],"wp:attachment":[{"href":"https:\/\/www.interaccionnoticias.com.mx\/index.php?rest_route=%2Fwp%2Fv2%2Fmedia&parent=65336"}],"wp:term":[{"taxonomy":"category","embeddable":true,"href":"https:\/\/www.interaccionnoticias.com.mx\/index.php?rest_route=%2Fwp%2Fv2%2Fcategories&post=65336"},{"taxonomy":"post_tag","embeddable":true,"href":"https:\/\/www.interaccionnoticias.com.mx\/index.php?rest_route=%2Fwp%2Fv2%2Ftags&post=65336"}],"curies":[{"name":"wp","href":"https:\/\/api.w.org\/{rel}","templated":true}]}}