{"id":65317,"date":"2023-07-27T14:48:08","date_gmt":"2023-07-27T19:48:08","guid":{"rendered":"https:\/\/interaccionnoticias.com.mx\/?p=65317"},"modified":"2023-07-27T14:48:10","modified_gmt":"2023-07-27T19:48:10","slug":"recibe-aide-ibarez-a-integrantes-del-concejo-comunitario-de-costa-chica-y-a-coordinadores-de-las-etnias-me-phaa-y-tuun-savi","status":"publish","type":"post","link":"https:\/\/www.interaccionnoticias.com.mx\/?p=65317","title":{"rendered":"Recibe Aid\u00e9 Ibarez a integrantes del Concejo Comunitario de Costa Chica y a coordinadores de las etnias Me Phaa y Tu\u00b4un Savi"},"content":{"rendered":"\n<p><strong><em>&#8212; Solicitan personal m\u00e9dico y de enfermer\u00eda en las unidades de la regi\u00f3n<br>&#8212; Urgen la puesta en marcha del Hospital de la Comunidad de Ayutla<\/em><\/strong><\/p>\n\n\n\n<p><strong>Chilpancingo, Gro., 27 de julio del 2023.-<\/strong> La secretaria de Salud Guerrero, Aid\u00e9 Ibarez Castro, acompa\u00f1ada de los subsecretarios de Planeaci\u00f3n, Roberto N\u00fa\u00f1ez Hern\u00e1ndez, de Prevenci\u00f3n y Control de Enfermedades, Jes\u00fas Ulises Adame Reyna, se reunieron con el presidente municipal de Acatepec, Romualdo D\u00edaz Rosas, con integrantes del Concejo Comunitario de Costa Chica y el diputado local, Alfredo S\u00e1nchez Esquivel.<\/p>\n\n\n\n<p>En la reuni\u00f3n, la titular de la Secretar\u00eda de Salud, escuch\u00f3 a los integrantes del concejo, quienes representados por el diputado del Distrito: 14 de Ayutla, entre sus peticiones denunciaron la ausencia de personal m\u00e9dico en las unidades de primer nivel de atenci\u00f3n del municipio, sumado a que a\u00fan no se concluye el inmueble que albergar\u00e1 al nuevo hospital de Ayutla.<\/p>\n\n\n\n<p>Tambi\u00e9n dijeron ser portavoz de m\u00e1s de 150 localidades que piden mayor atenci\u00f3n m\u00e9dica.<\/p>\n\n\n\n<p>Ibarez Castro acord\u00f3 con los presentes que se va realizar una revaloraci\u00f3n del personal que labora en la regi\u00f3n, la cual ser\u00e1 por parte de la federaci\u00f3n y a trav\u00e9s del IMSS-Bienestar.<\/p>\n\n\n\n<p>Sostuvo que la Secretar\u00eda de Salud atender\u00e1 sus peticiones, por lo que pidi\u00f3 un tiempo para la puesta en marcha del nuevo hospital de Ayutla.<\/p>\n\n\n\n<p>Al respecto explic\u00f3 que los tiempos de entrega se han ido modificando, porque se busca entregar una unidad en \u00f3ptimas condiciones, con personal capacitado y con las habilidades para operar los equipos m\u00e9dicos y para dar el mejor servicio a la comunidad.<\/p>\n\n\n\n<p>Respecto al viejo hospital dijo que se valora la posibilidad de reformar los servicios que ah\u00ed se ofrecen.<\/p>\n\n\n\n<p>Adem\u00e1s, en conjunto con los asistentes a esta reuni\u00f3n, acordaron una visita a las instalaciones de lo que ser\u00e1 el nuevo hospital, para dar fe de los avances y confirmar las evidencias presentadas por parte de la subsecretaria de Planeaci\u00f3n del equipo m\u00e9dico instalado en dicha unidad.<\/p>\n","protected":false},"excerpt":{"rendered":"<p>&#8212; Solicitan personal m\u00e9dico y de enfermer\u00eda en las unidades de la regi\u00f3n&#8212; Urgen la puesta en marcha del Hospital de la Comunidad de Ayutla Chilpancingo, Gro., 27 de julio&hellip; <\/p>\n","protected":false},"author":19,"featured_media":65318,"comment_status":"open","ping_status":"open","sticky":false,"template":"","format":"standard","meta":{"fifu_image_url":"","fifu_image_alt":"","footnotes":""},"categories":[26],"tags":[],"class_list":["post-65317","post","type-post","status-publish","format-standard","has-post-thumbnail","hentry","category-salud"],"_links":{"self":[{"href":"https:\/\/www.interaccionnoticias.com.mx\/index.php?rest_route=\/wp\/v2\/posts\/65317","targetHints":{"allow":["GET"]}}],"collection":[{"href":"https:\/\/www.interaccionnoticias.com.mx\/index.php?rest_route=\/wp\/v2\/posts"}],"about":[{"href":"https:\/\/www.interaccionnoticias.com.mx\/index.php?rest_route=\/wp\/v2\/types\/post"}],"author":[{"embeddable":true,"href":"https:\/\/www.interaccionnoticias.com.mx\/index.php?rest_route=\/wp\/v2\/users\/19"}],"replies":[{"embeddable":true,"href":"https:\/\/www.interaccionnoticias.com.mx\/index.php?rest_route=%2Fwp%2Fv2%2Fcomments&post=65317"}],"version-history":[{"count":1,"href":"https:\/\/www.interaccionnoticias.com.mx\/index.php?rest_route=\/wp\/v2\/posts\/65317\/revisions"}],"predecessor-version":[{"id":65319,"href":"https:\/\/www.interaccionnoticias.com.mx\/index.php?rest_route=\/wp\/v2\/posts\/65317\/revisions\/65319"}],"wp:featuredmedia":[{"embeddable":true,"href":"https:\/\/www.interaccionnoticias.com.mx\/index.php?rest_route=\/wp\/v2\/media\/65318"}],"wp:attachment":[{"href":"https:\/\/www.interaccionnoticias.com.mx\/index.php?rest_route=%2Fwp%2Fv2%2Fmedia&parent=65317"}],"wp:term":[{"taxonomy":"category","embeddable":true,"href":"https:\/\/www.interaccionnoticias.com.mx\/index.php?rest_route=%2Fwp%2Fv2%2Fcategories&post=65317"},{"taxonomy":"post_tag","embeddable":true,"href":"https:\/\/www.interaccionnoticias.com.mx\/index.php?rest_route=%2Fwp%2Fv2%2Ftags&post=65317"}],"curies":[{"name":"wp","href":"https:\/\/api.w.org\/{rel}","templated":true}]}}