{"id":6529,"date":"2017-07-16T18:42:28","date_gmt":"2017-07-16T23:42:28","guid":{"rendered":"http:\/\/www.inter-accion.com.mx\/?p=6529"},"modified":"2017-07-16T18:42:28","modified_gmt":"2017-07-16T23:42:28","slug":"detienen-a-un-hombre-con-cinco-rifles-de-alto-poder-en-chilpancingo","status":"publish","type":"post","link":"https:\/\/www.interaccionnoticias.com.mx\/?p=6529","title":{"rendered":"Detienen a un hombre con cinco rifles de alto poder en Chilpancingo"},"content":{"rendered":"<p><strong>Tras enfrentamiento con la PF<\/strong><br \/>\nElementos de la Polic\u00eda Federal (PF) se enfrentaron a balazos con integrantes de una c\u00e9lula delictiva durante la madrugada del domingo en Chilpancingo, el saldo fue de un detenido con cinco rifles de alto poder, adem\u00e1s de dos veh\u00edculos asegurados.<br \/>\nRoberto Alvarez Heredia, vocero oficial del Grupo de Coordinaci\u00f3n Guerrero (GCG), inform\u00f3 que alrededor de las 01:00 horas del domingo 16 de julio, elementos de la PF realizaban patrullajes en las colonias con mayor \u00edndice delictivo de la capital del estado, cuando ubicaron dos veh\u00edculos compactos que se iban siguiendo, en ellos viajaban varios sujetos, por lo que les marcaron el alto para hacerles una revisi\u00f3n.<br \/>\nPese a las indicaciones de los federales, los ocupantes de ambos autos imprimieron mayor velocidad, registr\u00e1ndose una persecuci\u00f3n que concluy\u00f3 en una calle cerrada, en la que los civiles se detuvieron y bajaron de las unidades.<br \/>\nLos ocupantes de los veh\u00edculos abrieron fuego contra los uniformados para tratar de facilitar su retirada, los polic\u00edas repelieron la agresi\u00f3n y por algunos momentos se registr\u00f3 una balacera.<br \/>\nEn la refriega result\u00f3 herido en una pierna un sujeto que se identific\u00f3 como Pedro \u201cN\u201d, a quien se le brind\u00f3 auxilio m\u00e9dico y se le puso a disposici\u00f3n del Ministerio P\u00fablico Federal (MPF).<br \/>\nEn el lugar fueron abandonados los dos autos compactos y cinco rifles de asalto, <a class=\"_fcj\" href=\"https:\/\/www.facebook.com\/#\">uno<\/a> de ellos calibre .223 y cuatro AK-47, todos con sus respectivos cargadores abastecidos.<br \/>\nLas armas y los veh\u00edculos tambi\u00e9n puestos a disposici\u00f3n del MPF, el resto de los civiles armados lograron escapar.<\/p>\n","protected":false},"excerpt":{"rendered":"<p>Tras enfrentamiento con la PF Elementos de la Polic\u00eda Federal (PF) se enfrentaron a balazos con integrantes de una c\u00e9lula delictiva durante la madrugada del domingo en Chilpancingo, el saldo&hellip; <\/p>\n","protected":false},"author":1,"featured_media":0,"comment_status":"closed","ping_status":"closed","sticky":false,"template":"","format":"standard","meta":{"fifu_image_url":"","fifu_image_alt":"","footnotes":""},"categories":[8,27],"tags":[],"class_list":["post-6529","post","type-post","status-publish","format-standard","hentry","category-featured","category-seguridad-publica"],"_links":{"self":[{"href":"https:\/\/www.interaccionnoticias.com.mx\/index.php?rest_route=\/wp\/v2\/posts\/6529","targetHints":{"allow":["GET"]}}],"collection":[{"href":"https:\/\/www.interaccionnoticias.com.mx\/index.php?rest_route=\/wp\/v2\/posts"}],"about":[{"href":"https:\/\/www.interaccionnoticias.com.mx\/index.php?rest_route=\/wp\/v2\/types\/post"}],"author":[{"embeddable":true,"href":"https:\/\/www.interaccionnoticias.com.mx\/index.php?rest_route=\/wp\/v2\/users\/1"}],"replies":[{"embeddable":true,"href":"https:\/\/www.interaccionnoticias.com.mx\/index.php?rest_route=%2Fwp%2Fv2%2Fcomments&post=6529"}],"version-history":[{"count":0,"href":"https:\/\/www.interaccionnoticias.com.mx\/index.php?rest_route=\/wp\/v2\/posts\/6529\/revisions"}],"wp:attachment":[{"href":"https:\/\/www.interaccionnoticias.com.mx\/index.php?rest_route=%2Fwp%2Fv2%2Fmedia&parent=6529"}],"wp:term":[{"taxonomy":"category","embeddable":true,"href":"https:\/\/www.interaccionnoticias.com.mx\/index.php?rest_route=%2Fwp%2Fv2%2Fcategories&post=6529"},{"taxonomy":"post_tag","embeddable":true,"href":"https:\/\/www.interaccionnoticias.com.mx\/index.php?rest_route=%2Fwp%2Fv2%2Ftags&post=6529"}],"curies":[{"name":"wp","href":"https:\/\/api.w.org\/{rel}","templated":true}]}}