{"id":65264,"date":"2023-07-26T16:02:23","date_gmt":"2023-07-26T21:02:23","guid":{"rendered":"https:\/\/interaccionnoticias.com.mx\/?p=65264"},"modified":"2023-07-26T16:02:25","modified_gmt":"2023-07-26T21:02:25","slug":"se-cumplen-22-dias-de-la-desaparicion-de-veronica-zuniga-y-oscar-cesar-bautista","status":"publish","type":"post","link":"https:\/\/www.interaccionnoticias.com.mx\/?p=65264","title":{"rendered":"Se cumplen 22 d\u00edas de la desaparici\u00f3n de Ver\u00f3nica Z\u00fa\u00f1iga y Oscar C\u00e9sar Bautista"},"content":{"rendered":"\n<p><strong><em>&#8212; Ambas desapariciones ocurrieron en el centro de Chilpancingo<\/em><\/strong><\/p>\n\n\n\n<p><strong>Jes\u00fas Dorantes<\/strong><\/p>\n\n\n\n<p><strong>Chilpancingo, Gro.- <\/strong>Los casos de desaparici\u00f3n de la se\u00f1ora Ver\u00f3nica Z\u00fa\u00f1iga Nava y del polic\u00eda estatal, Oscar C\u00e9sar Bautista Flores cumplieron 22 d\u00edas, ambos hechos ocurrieron en el centro de la capital del Estado, por lo que sus familiares se unieron al colectivo Lupita Rodr\u00edguez para exigir su presentaci\u00f3n con vida.<\/p>\n\n\n\n<p>La se\u00f1ora Ver\u00f3nica Z\u00fa\u00f1iga Nava es madre soltera y de sus cinco hijos dos dependen de ella, su hermana Ver\u00f3nica Z\u00fa\u00f1iga Nava relata que en los \u00faltimos dos meses se encontraba deprimida por la muerte de su beb\u00e9, a la que fue a visitar al pante\u00f3n central de Chilpancingo el d\u00eda de su desaparici\u00f3n.<\/p>\n\n\n\n<p>La comunicaci\u00f3n se perdi\u00f3 el cuatro de julio, fecha desde que no se supo m\u00e1s de ella, sus familiares refieren que no ten\u00eda enemigos, adem\u00e1s de que son una familia de jornaleros que temporalmente acuden a estados del norte para cortar chiles, uvas y jitomate, entre otris productos del campo.<\/p>\n\n\n\n<p>En el caso del elemento de la Secretar\u00eda de Seguridad P\u00fablica (SSP) Oscar C\u00e9sar Bautista Flores su esposa Edith Guadalupe Esp\u00edritu Gonz\u00e1lez denunci\u00f3 que durante los 22 d\u00edas, ning\u00fan superior o de los mandos de la SSP a tenido contacto con la familia.<\/p>\n\n\n\n<p>Desde que se confirm\u00f3 su desaparici\u00f3n tambi\u00e9n el 4 de julio del a\u00f1o en curso en la calle 5 de mayo del centro de la capital, Esp\u00edritu Gonz\u00e1lez madre de los tres hijos de Oscar refiere que sus hijos contin\u00faan preguntando \u00bfCu\u00e1ndo regresar\u00e1?<\/p>\n\n\n\n<p>Hizo un llamado a la gobernadora Evelyn Salgado Pineda y la fiscal general, Sandra Luz Valdovinos Salmer\u00f3n para que no se deje de lado la investigaci\u00f3n.<\/p>\n\n\n\n<p>En ambos casos, se sumaron a la exigencia de jusiticia por todos los desaparecidos de la entidad, entre ellos los 43 normalistas de Ayotzinapa, adem\u00e1s de se\u00f1alar que el gobierno tiene que poner mayor atenci\u00f3n en el tema de desaparici\u00f3n forzada y no s\u00f3lo en eventos p\u00fablicos o la creaci\u00f3n de refugios para animales.<\/p>\n","protected":false},"excerpt":{"rendered":"<p>&#8212; Ambas desapariciones ocurrieron en el centro de Chilpancingo Jes\u00fas Dorantes Chilpancingo, Gro.- Los casos de desaparici\u00f3n de la se\u00f1ora Ver\u00f3nica Z\u00fa\u00f1iga Nava y del polic\u00eda estatal, Oscar C\u00e9sar Bautista&hellip; <\/p>\n","protected":false},"author":8,"featured_media":65265,"comment_status":"open","ping_status":"open","sticky":false,"template":"","format":"standard","meta":{"fifu_image_url":"","fifu_image_alt":"","footnotes":""},"categories":[29],"tags":[],"class_list":["post-65264","post","type-post","status-publish","format-standard","has-post-thumbnail","hentry","category-sociedad"],"_links":{"self":[{"href":"https:\/\/www.interaccionnoticias.com.mx\/index.php?rest_route=\/wp\/v2\/posts\/65264","targetHints":{"allow":["GET"]}}],"collection":[{"href":"https:\/\/www.interaccionnoticias.com.mx\/index.php?rest_route=\/wp\/v2\/posts"}],"about":[{"href":"https:\/\/www.interaccionnoticias.com.mx\/index.php?rest_route=\/wp\/v2\/types\/post"}],"author":[{"embeddable":true,"href":"https:\/\/www.interaccionnoticias.com.mx\/index.php?rest_route=\/wp\/v2\/users\/8"}],"replies":[{"embeddable":true,"href":"https:\/\/www.interaccionnoticias.com.mx\/index.php?rest_route=%2Fwp%2Fv2%2Fcomments&post=65264"}],"version-history":[{"count":1,"href":"https:\/\/www.interaccionnoticias.com.mx\/index.php?rest_route=\/wp\/v2\/posts\/65264\/revisions"}],"predecessor-version":[{"id":65266,"href":"https:\/\/www.interaccionnoticias.com.mx\/index.php?rest_route=\/wp\/v2\/posts\/65264\/revisions\/65266"}],"wp:featuredmedia":[{"embeddable":true,"href":"https:\/\/www.interaccionnoticias.com.mx\/index.php?rest_route=\/wp\/v2\/media\/65265"}],"wp:attachment":[{"href":"https:\/\/www.interaccionnoticias.com.mx\/index.php?rest_route=%2Fwp%2Fv2%2Fmedia&parent=65264"}],"wp:term":[{"taxonomy":"category","embeddable":true,"href":"https:\/\/www.interaccionnoticias.com.mx\/index.php?rest_route=%2Fwp%2Fv2%2Fcategories&post=65264"},{"taxonomy":"post_tag","embeddable":true,"href":"https:\/\/www.interaccionnoticias.com.mx\/index.php?rest_route=%2Fwp%2Fv2%2Ftags&post=65264"}],"curies":[{"name":"wp","href":"https:\/\/api.w.org\/{rel}","templated":true}]}}