{"id":65258,"date":"2023-07-26T13:52:59","date_gmt":"2023-07-26T18:52:59","guid":{"rendered":"https:\/\/interaccionnoticias.com.mx\/?p=65258"},"modified":"2023-07-26T13:53:01","modified_gmt":"2023-07-26T18:53:01","slug":"normalistas-de-ayotzinapa-y-colectivos-lamentan-que-el-giei-se-retire-del-caso-iguala","status":"publish","type":"post","link":"https:\/\/www.interaccionnoticias.com.mx\/?p=65258","title":{"rendered":"Normalistas de Ayotzinapa y colectivos lamentan que el GIEI se retire del caso Iguala"},"content":{"rendered":"\n<p><strong><em>&#8212; Realizan mitin en el antimonumento a los 43<\/em><\/strong><\/p>\n\n\n\n<p><strong>Jes\u00fas Dorantes<\/strong><\/p>\n\n\n\n<p><strong>Chilpancingo, Gro.- <\/strong>Con un mitin, estudiantes de la Normal Rural Ra\u00fal Isidro Burgos de Ayotzinapa integrantes del Colectivo de familiares de personas desaparecidas Lupita Rodr\u00edguez e integrantes de la Coordinadora Estatal de Trabajadores de la Educaci\u00f3n en Guerrero (CETEG), lamentaron la salida del Grupo Interdisciplinario de Expertos Independientes (GIEI), sin que se tenga certeza sobre el paradero de los 43 normalistas desaparecidos desde septiembre de 2014.<\/p>\n\n\n\n<p>La jornada del mi\u00e9rcoles, un grupo estudiantes arribaron al antimonumento a los 43, que se ubica en la avenida L\u00e1zaro C\u00e1rdenas, a la altura de la glorieta de Las Banderas, en Chilpancingo.<\/p>\n\n\n\n<p>Como cada d\u00eda 26 del mes, fue colocada una ofrenda floral en alusi\u00f3n a los 106 meses que han transcurrido desde el 26 de septiembre del 2014, fecha en la que ocurri\u00f3 la llamada \u201cnoche de Iguala\u201d.<\/p>\n\n\n\n<p>En su intervenci\u00f3n uno de los j\u00f3venes normalistas lamentaron la salida del GIEI del caso, ya que fueron los \u00fanicos que aportaron avances, al se\u00f1alar la participaci\u00f3n directa del Ej\u00e9rcito Mexicano, de polic\u00edas estatales y municipales, adem\u00e1s de la Marina Armada de M\u00e9xico en los hechos.<\/p>\n\n\n\n<p>Reconocieron que con su trabajo, el GIEI consigui\u00f3 tirar la llamada \u201cVerdad Hist\u00f3rica\u201d que se dio a conocer durante el gobierno del ex presidente Enrique Pe\u00f1a Nieto, que se aferraba a la versi\u00f3n de que los 43 j\u00f3venes fueron asesinados y quemados en el basurero del municipio de Cocula.<\/p>\n\n\n\n<p>Para los colectivos que acompa\u00f1an a la Normal Rura de Ayotzinapa, que el GIEI se retire sin que el caso se esclarezca es lamentable, porque se acortan las posibilidades de que se pueda llegar a la verdad.<\/p>\n\n\n\n<div class=\"wp-block-jetpack-tiled-gallery aligncenter is-style-rectangular\"><div class=\"tiled-gallery__gallery\"><div class=\"tiled-gallery__row\"><div class=\"tiled-gallery__col\" style=\"flex-basis:66.78744%\"><figure class=\"tiled-gallery__item\"><img decoding=\"async\" alt=\"\" data-height=\"750\" data-id=\"65259\" data-link=\"https:\/\/interaccionnoticias.com.mx\/?attachment_id=65259\" data-url=\"https:\/\/interaccionnoticias.com.mx\/wp-content\/uploads\/2023\/07\/230725-Ayotzinapa-1-1024x683.jpg\" data-width=\"1125\" src=\"https:\/\/i1.wp.com\/www.interaccionnoticias.com.mx\/wp-content\/uploads\/2023\/07\/230725-Ayotzinapa-1-1024x683.jpg\" data-amp-layout=\"responsive\"\/><\/figure><\/div><div class=\"tiled-gallery__col\" style=\"flex-basis:33.21256%\"><figure class=\"tiled-gallery__item\"><img decoding=\"async\" alt=\"\" data-height=\"750\" data-id=\"65260\" data-link=\"https:\/\/interaccionnoticias.com.mx\/?attachment_id=65260\" data-url=\"https:\/\/interaccionnoticias.com.mx\/wp-content\/uploads\/2023\/07\/230725-Ayotzinapa-2-1024x683.jpg\" data-width=\"1125\" src=\"https:\/\/i1.wp.com\/www.interaccionnoticias.com.mx\/wp-content\/uploads\/2023\/07\/230725-Ayotzinapa-2-1024x683.jpg\" data-amp-layout=\"responsive\"\/><\/figure><figure class=\"tiled-gallery__item\"><img decoding=\"async\" alt=\"\" data-height=\"750\" data-id=\"65261\" data-link=\"https:\/\/interaccionnoticias.com.mx\/?attachment_id=65261\" data-url=\"https:\/\/interaccionnoticias.com.mx\/wp-content\/uploads\/2023\/07\/230725-Ayotzinapa-3-1024x683.jpg\" data-width=\"1125\" src=\"https:\/\/i1.wp.com\/www.interaccionnoticias.com.mx\/wp-content\/uploads\/2023\/07\/230725-Ayotzinapa-3-1024x683.jpg\" data-amp-layout=\"responsive\"\/><\/figure><\/div><\/div><div class=\"tiled-gallery__row\"><div class=\"tiled-gallery__col\" style=\"flex-basis:100.00000%\"><figure class=\"tiled-gallery__item\"><img decoding=\"async\" alt=\"\" data-height=\"750\" data-id=\"65262\" data-link=\"https:\/\/interaccionnoticias.com.mx\/?attachment_id=65262\" data-url=\"https:\/\/interaccionnoticias.com.mx\/wp-content\/uploads\/2023\/07\/230725-Ayotzinapa-4-1024x683.jpg\" data-width=\"1125\" src=\"https:\/\/i0.wp.com\/www.interaccionnoticias.com.mx\/wp-content\/uploads\/2023\/07\/230725-Ayotzinapa-4-1024x683.jpg\" data-amp-layout=\"responsive\"\/><\/figure><\/div><\/div><\/div><\/div>\n","protected":false},"excerpt":{"rendered":"<p>&#8212; Realizan mitin en el antimonumento a los 43 Jes\u00fas Dorantes Chilpancingo, Gro.- Con un mitin, estudiantes de la Normal Rural Ra\u00fal Isidro Burgos de Ayotzinapa integrantes del Colectivo de&hellip; <\/p>\n","protected":false},"author":8,"featured_media":65260,"comment_status":"open","ping_status":"open","sticky":false,"template":"","format":"standard","meta":{"fifu_image_url":"","fifu_image_alt":"","footnotes":""},"categories":[15],"tags":[],"class_list":["post-65258","post","type-post","status-publish","format-standard","has-post-thumbnail","hentry","category-movimientos-sociales"],"_links":{"self":[{"href":"https:\/\/www.interaccionnoticias.com.mx\/index.php?rest_route=\/wp\/v2\/posts\/65258","targetHints":{"allow":["GET"]}}],"collection":[{"href":"https:\/\/www.interaccionnoticias.com.mx\/index.php?rest_route=\/wp\/v2\/posts"}],"about":[{"href":"https:\/\/www.interaccionnoticias.com.mx\/index.php?rest_route=\/wp\/v2\/types\/post"}],"author":[{"embeddable":true,"href":"https:\/\/www.interaccionnoticias.com.mx\/index.php?rest_route=\/wp\/v2\/users\/8"}],"replies":[{"embeddable":true,"href":"https:\/\/www.interaccionnoticias.com.mx\/index.php?rest_route=%2Fwp%2Fv2%2Fcomments&post=65258"}],"version-history":[{"count":1,"href":"https:\/\/www.interaccionnoticias.com.mx\/index.php?rest_route=\/wp\/v2\/posts\/65258\/revisions"}],"predecessor-version":[{"id":65263,"href":"https:\/\/www.interaccionnoticias.com.mx\/index.php?rest_route=\/wp\/v2\/posts\/65258\/revisions\/65263"}],"wp:featuredmedia":[{"embeddable":true,"href":"https:\/\/www.interaccionnoticias.com.mx\/index.php?rest_route=\/wp\/v2\/media\/65260"}],"wp:attachment":[{"href":"https:\/\/www.interaccionnoticias.com.mx\/index.php?rest_route=%2Fwp%2Fv2%2Fmedia&parent=65258"}],"wp:term":[{"taxonomy":"category","embeddable":true,"href":"https:\/\/www.interaccionnoticias.com.mx\/index.php?rest_route=%2Fwp%2Fv2%2Fcategories&post=65258"},{"taxonomy":"post_tag","embeddable":true,"href":"https:\/\/www.interaccionnoticias.com.mx\/index.php?rest_route=%2Fwp%2Fv2%2Ftags&post=65258"}],"curies":[{"name":"wp","href":"https:\/\/api.w.org\/{rel}","templated":true}]}}