{"id":65255,"date":"2023-07-26T13:50:01","date_gmt":"2023-07-26T18:50:01","guid":{"rendered":"https:\/\/interaccionnoticias.com.mx\/?p=65255"},"modified":"2023-07-26T13:50:04","modified_gmt":"2023-07-26T18:50:04","slug":"enfermeras-de-contrato-protestan-en-palacio-de-gobierno-denuncian-irregularidades-en-la-entrega-de-basificaciones","status":"publish","type":"post","link":"https:\/\/www.interaccionnoticias.com.mx\/?p=65255","title":{"rendered":"Enfermeras de contrato protestan en Palacio de Gobierno, denuncian irregularidades en la entrega de basificaciones"},"content":{"rendered":"\n<p><strong><em>&#8212; Trabajadores afines a Beatriz V\u00e9lez, secretaria general de la secci\u00f3n XXXVI del SNTSA son favorecidos<\/em><\/strong><\/p>\n\n\n\n<p><strong>Yasm\u00edn Garc\u00eda Chino<\/strong><\/p>\n\n\n\n<p><strong>Chilpancingo, Gro., a 26 de julio 2023.-<\/strong> Enfermeras de contrato de la Secretar\u00eda de Salud Guerrero (SSG) protestaron en palacio de gobierno para exigir que se respete el proceso de evaluaci\u00f3n para entregar basificaciones.<\/p>\n\n\n\n<p>En la protesta, se\u00f1alaron que son aproximadamente 4 mil 800 trabajadores, entre administrativos, personal m\u00e9dico y de enfermer\u00eda, de los cuales dos mil 600 realizaron evaluaciones para obtener su basificaci\u00f3n IMSS-BIENESTAR.<\/p>\n\n\n\n<p>Kimberly Mu\u00f1oz Mayo, enfermera de contrato relat\u00f3 que se filtr\u00f3 una lista de las basificaciones otorgadas a personal que no tienen el perfil acad\u00e9mico, adem\u00e1s de contar con solo seis meses laborando en la dependencia, por lo que estar\u00edan imposibilitados para acceder al beneficio.<\/p>\n\n\n\n<p>Acus\u00f3 que los trabajadores beneficiados son afines a la dirigente sindical de la Secci\u00f3n 36 del Sindicato Nacional de los Trabajadores de la Salud (SNTSA), Beatriz V\u00e9lez N\u00fa\u00f1ez, or eso es que pidieron la intervenci\u00f3n de la Secretar\u00eda de Salud Guerrero, para que no se concrete algo que aseguran, es completamente ilegal.<\/p>\n\n\n\n<p>Las manifestantes no fueron atendidas por ning\u00fan funcionario, por eso es que anunciaron que el pr\u00f3ximo 1 de agosto acudir\u00e1n a Palacio Nacional, para externa su inconformidad al presidente de la Rep\u00fablica Andr\u00e9s Manuel L\u00f3pez Obrador.<\/p>\n","protected":false},"excerpt":{"rendered":"<p>\ud83d\udd34 # | <\/p>\n","protected":false},"author":32,"featured_media":65256,"comment_status":"open","ping_status":"open","sticky":false,"template":"","format":"standard","meta":{"fifu_image_url":"","fifu_image_alt":"","footnotes":""},"categories":[26],"tags":[],"class_list":["post-65255","post","type-post","status-publish","format-standard","has-post-thumbnail","hentry","category-salud"],"_links":{"self":[{"href":"https:\/\/www.interaccionnoticias.com.mx\/index.php?rest_route=\/wp\/v2\/posts\/65255","targetHints":{"allow":["GET"]}}],"collection":[{"href":"https:\/\/www.interaccionnoticias.com.mx\/index.php?rest_route=\/wp\/v2\/posts"}],"about":[{"href":"https:\/\/www.interaccionnoticias.com.mx\/index.php?rest_route=\/wp\/v2\/types\/post"}],"author":[{"embeddable":true,"href":"https:\/\/www.interaccionnoticias.com.mx\/index.php?rest_route=\/wp\/v2\/users\/32"}],"replies":[{"embeddable":true,"href":"https:\/\/www.interaccionnoticias.com.mx\/index.php?rest_route=%2Fwp%2Fv2%2Fcomments&post=65255"}],"version-history":[{"count":1,"href":"https:\/\/www.interaccionnoticias.com.mx\/index.php?rest_route=\/wp\/v2\/posts\/65255\/revisions"}],"predecessor-version":[{"id":65257,"href":"https:\/\/www.interaccionnoticias.com.mx\/index.php?rest_route=\/wp\/v2\/posts\/65255\/revisions\/65257"}],"wp:featuredmedia":[{"embeddable":true,"href":"https:\/\/www.interaccionnoticias.com.mx\/index.php?rest_route=\/wp\/v2\/media\/65256"}],"wp:attachment":[{"href":"https:\/\/www.interaccionnoticias.com.mx\/index.php?rest_route=%2Fwp%2Fv2%2Fmedia&parent=65255"}],"wp:term":[{"taxonomy":"category","embeddable":true,"href":"https:\/\/www.interaccionnoticias.com.mx\/index.php?rest_route=%2Fwp%2Fv2%2Fcategories&post=65255"},{"taxonomy":"post_tag","embeddable":true,"href":"https:\/\/www.interaccionnoticias.com.mx\/index.php?rest_route=%2Fwp%2Fv2%2Ftags&post=65255"}],"curies":[{"name":"wp","href":"https:\/\/api.w.org\/{rel}","templated":true}]}}