{"id":65251,"date":"2023-07-25T20:43:02","date_gmt":"2023-07-26T01:43:02","guid":{"rendered":"https:\/\/interaccionnoticias.com.mx\/?p=65251"},"modified":"2023-07-25T20:43:04","modified_gmt":"2023-07-26T01:43:04","slug":"el-ine-si-da-seguimiento-a-procesos-internos-de-los-distintos-partidos-donaciano-munoz","status":"publish","type":"post","link":"https:\/\/www.interaccionnoticias.com.mx\/?p=65251","title":{"rendered":"El INE s\u00ed da seguimiento a procesos internos de los distintos partidos: Donaciano Mu\u00f1oz"},"content":{"rendered":"\n<p><strong>Rosario Garc\u00eda Orozco<\/strong><\/p>\n\n\n\n<p><strong>Chilpsncingo, Gro., 25 de julio del 2023.-<\/strong> El Instituto Nacional Electoral (INE) continua integrando los expedientes dentro del Procedimiento Especial Sancionador de las actividades que realizan los partidos pol\u00edticos en sus procesos internos, inform\u00f3 el Vocal Ejecutivo del INE en Guerrero, Donaciano Mu\u00f1oz Loyola.<\/p>\n\n\n\n<p>\u201cEste mecanismo de atenci\u00f3n a conflictos tiene la particularidad de que el instituto integra el expediente de todo lo que va observando, primero al partido pol\u00edtico Morena y despu\u00e9s los partidos PAN, PRI, PRD a trav\u00e9s de lo que denominan un frente, el instituto continua armando los expedientes que conforme a la regla, a la norma le es conferida esa facultad y ser\u00e1 el Tribunal Electoral el que en un momento dado resuelva de fondo la legalidad o no de este tipo de actividades que estamos visualizando\u201d, dijo el funcionario electoral.<\/p>\n\n\n\n<p>Mencion\u00f3 que en una sesi\u00f3n del Tribunal Electoral del Poder Judicial de la Federaci\u00f3n, se orden\u00f3 al INE que establezca lineamientos espec\u00edficos a trav\u00e9s de los cuales las acciones internas de los partidos pol\u00edticos, puedan llevarse a cabo dentro de un marco normativo espec\u00edfico que no permita incurrir en actos anticipados de precampa\u00f1a.<\/p>\n\n\n\n<p>Por esa raz\u00f3n, el INE a trav\u00e9s de su coordinaci\u00f3n de quejas y denuncias hab\u00eda establecidos criterios para decirle principalmente a Morena y despu\u00e9s al Frente Amplio por M\u00e9xico que deb\u00edan ce\u00f1irse a los criterios y evitaran llamar al voto o al cargo al cual se han pronunciado.<\/p>\n\n\n\n<p>Mu\u00f1oz Loyola dijo tambi\u00e9n que el INE est\u00e1 obligado a emitir lineamientos para que los partidos pol\u00edticos regulen sus actos dentro del marco de estos lineamientos, expuso.<\/p>\n\n\n\n<p>Explic\u00f3 que el INE desde la primera queja interpuesta ha venido estableciendo algunos par\u00e1metros en donde los partidos pol\u00edticos deben moverse, ante acciones que no hab\u00edamos tenido en otros procesos electoral de forma \u201ctan anticipada\u201d, que los mismos partidos han denominado como actos internos o din\u00e1micas internas, comento.<\/p>\n\n\n\n<p>Cuestionado sobre la actitud del presidente Andr\u00e9s Manuel L\u00f3pez Obrador, de no tomar en cuenta los ordenamientos del INE, el funcionario electoral, dijo que el \u00f3rgano electoral as\u00ed como el Tribunal Electoral han determinado que sus declaraciones est\u00e1n fuera de la ley.<\/p>\n","protected":false},"excerpt":{"rendered":"<p>Rosario Garc\u00eda Orozco Chilpsncingo, Gro., 25 de julio del 2023.- El Instituto Nacional Electoral (INE) continua integrando los expedientes dentro del Procedimiento Especial Sancionador de las actividades que realizan los&hellip; <\/p>\n","protected":false},"author":14,"featured_media":65252,"comment_status":"open","ping_status":"open","sticky":false,"template":"","format":"standard","meta":{"fifu_image_url":"","fifu_image_alt":"","footnotes":""},"categories":[17],"tags":[],"class_list":["post-65251","post","type-post","status-publish","format-standard","has-post-thumbnail","hentry","category-organos-electorales"],"_links":{"self":[{"href":"https:\/\/www.interaccionnoticias.com.mx\/index.php?rest_route=\/wp\/v2\/posts\/65251","targetHints":{"allow":["GET"]}}],"collection":[{"href":"https:\/\/www.interaccionnoticias.com.mx\/index.php?rest_route=\/wp\/v2\/posts"}],"about":[{"href":"https:\/\/www.interaccionnoticias.com.mx\/index.php?rest_route=\/wp\/v2\/types\/post"}],"author":[{"embeddable":true,"href":"https:\/\/www.interaccionnoticias.com.mx\/index.php?rest_route=\/wp\/v2\/users\/14"}],"replies":[{"embeddable":true,"href":"https:\/\/www.interaccionnoticias.com.mx\/index.php?rest_route=%2Fwp%2Fv2%2Fcomments&post=65251"}],"version-history":[{"count":1,"href":"https:\/\/www.interaccionnoticias.com.mx\/index.php?rest_route=\/wp\/v2\/posts\/65251\/revisions"}],"predecessor-version":[{"id":65253,"href":"https:\/\/www.interaccionnoticias.com.mx\/index.php?rest_route=\/wp\/v2\/posts\/65251\/revisions\/65253"}],"wp:featuredmedia":[{"embeddable":true,"href":"https:\/\/www.interaccionnoticias.com.mx\/index.php?rest_route=\/wp\/v2\/media\/65252"}],"wp:attachment":[{"href":"https:\/\/www.interaccionnoticias.com.mx\/index.php?rest_route=%2Fwp%2Fv2%2Fmedia&parent=65251"}],"wp:term":[{"taxonomy":"category","embeddable":true,"href":"https:\/\/www.interaccionnoticias.com.mx\/index.php?rest_route=%2Fwp%2Fv2%2Fcategories&post=65251"},{"taxonomy":"post_tag","embeddable":true,"href":"https:\/\/www.interaccionnoticias.com.mx\/index.php?rest_route=%2Fwp%2Fv2%2Ftags&post=65251"}],"curies":[{"name":"wp","href":"https:\/\/api.w.org\/{rel}","templated":true}]}}