{"id":6521,"date":"2017-07-16T00:51:28","date_gmt":"2017-07-16T05:51:28","guid":{"rendered":"http:\/\/www.inter-accion.com.mx\/?p=6521"},"modified":"2017-07-16T00:51:28","modified_gmt":"2017-07-16T05:51:28","slug":"asume-el-ejercito-el-control-de-municipio-de-zitlala","status":"publish","type":"post","link":"https:\/\/www.interaccionnoticias.com.mx\/?p=6521","title":{"rendered":"Asume el Ej\u00e9rcito el control de, municipio de Zitlala"},"content":{"rendered":"<p>L\u00edder de supuestos comunitarios se compromete a entregar a cuatro homicidas<br \/>\nTras varios enfrentamientos que generaron un saldo de diez personas lesionadas, entre ellos seis militares, los representantes de \u00abComunitarios por la Paz y la Justicia\u00bb aceptaron que el Ej\u00e9rcito Mexicano y la Polic\u00eda del Estado asuman el control de la seguridad en la comunidad de Tlaltempanampa, municipio de Zitlala.<br \/>\nEste s\u00e1bado, un grupo de&nbsp; negociadores de la Secretaria General de Gobierno, acompa\u00f1ados por el personal del Ministerio P\u00fablico, Polic\u00eda Investigadora Ministerial, Secretar\u00eda de Seguridad P\u00fablica del Estado y Secretar\u00eda de la Defensa Nacional (SEDENA) sostuvieron un di\u00e1logo con integrantes de la asociaci\u00f3n \u00abComunitarios por la Paz y la Justicia\u00bb y habitantes de la comunidad de Tlaltempanapa.<br \/>\nEl Vocero del Grupo de Coordinaci\u00f3n Guerrero (GCH), Roberto \u00c1lvarez Heredia inform\u00f3 de los acuerdos que se tomaron en la una reuni\u00f3n que inici\u00f3 en la comunidad de Tlaltempanapa a las 10:00 horas y culmin\u00f3 a las 15:00 horas del 15 de julio.<br \/>\nEn priimer lugar, se acord\u00f3 que el Ej\u00e9rcito Mexicano y las corporaciones estatales (Secretar\u00eda de Seguridad P\u00fablica y Fiscal\u00eda General), se har\u00e1n cargo de las funciones de seguridad en la zona, para restablecer el Estado de Derecho en la zona.<br \/>\nDespu\u00e9s, se pact\u00f3 que ersonal del Ej\u00e9rcito Mexicano establecer\u00e1 dos puestos de control en la entrada principal y salida de la poblaci\u00f3n, desde donde coordinar\u00e1 operaciones de vigilancia y reconocimiento.<br \/>\nComo tercer punto, se aclar\u00f3 que la poblaci\u00f3n y polic\u00eda comunitaria no se entrometer\u00e1n en las actividades de patrullaje y reconocimiento del Ej\u00e9rcito y corporaciones policiacas.<br \/>\nSe enfatiz\u00f3 que en adelante, vualquier persona que se sorprenda portando armas de fuego ser\u00e1 desarmada y detenida.<br \/>\nEntre los acuerdos, destaca el hecho de que Tranquilino Palatzin Tranquero, l\u00edder de los comunitarios, se comprometi\u00f3 a entregar a los cuatro presuntos responsables del asesinato de Benigno \u00abN\u00bb.<br \/>\nEl se\u00f1or Benigno \u00abN\u00bb era un habitante de Quetzalcoatl\u00e1n, quien supuestamente contaba con medidas caurelares, ante las amenazas de muerte que pesaban en su contra.<br \/>\nComo sexto punto, se permitir\u00e1 un m\u00f3dulo con comunitarios en la salida a Tlapehualapa que prevengan el delito de abigeato y que informar\u00e1 en su caso al Ej\u00e9rcito Mexicano.<br \/>\nEl vocero&nbsp; \u00c1lvarez Heredia indic\u00f3 que el di\u00e1logo continuar\u00e1 con el fin de que sean recuperada el arma y un casco propiedad de la SEDENA, que se extravi\u00f3 desde la jornada del mi\u00e9rcoles.<\/p>\n","protected":false},"excerpt":{"rendered":"<p>L\u00edder de supuestos comunitarios se compromete a entregar a cuatro homicidas Tras varios enfrentamientos que generaron un saldo de diez personas lesionadas, entre ellos seis militares, los representantes de \u00abComunitarios&hellip; <\/p>\n","protected":false},"author":1,"featured_media":0,"comment_status":"closed","ping_status":"closed","sticky":false,"template":"","format":"standard","meta":{"fifu_image_url":"","fifu_image_alt":"","footnotes":""},"categories":[8,23],"tags":[],"class_list":["post-6521","post","type-post","status-publish","format-standard","hentry","category-featured","category-regionales"],"_links":{"self":[{"href":"https:\/\/www.interaccionnoticias.com.mx\/index.php?rest_route=\/wp\/v2\/posts\/6521","targetHints":{"allow":["GET"]}}],"collection":[{"href":"https:\/\/www.interaccionnoticias.com.mx\/index.php?rest_route=\/wp\/v2\/posts"}],"about":[{"href":"https:\/\/www.interaccionnoticias.com.mx\/index.php?rest_route=\/wp\/v2\/types\/post"}],"author":[{"embeddable":true,"href":"https:\/\/www.interaccionnoticias.com.mx\/index.php?rest_route=\/wp\/v2\/users\/1"}],"replies":[{"embeddable":true,"href":"https:\/\/www.interaccionnoticias.com.mx\/index.php?rest_route=%2Fwp%2Fv2%2Fcomments&post=6521"}],"version-history":[{"count":0,"href":"https:\/\/www.interaccionnoticias.com.mx\/index.php?rest_route=\/wp\/v2\/posts\/6521\/revisions"}],"wp:attachment":[{"href":"https:\/\/www.interaccionnoticias.com.mx\/index.php?rest_route=%2Fwp%2Fv2%2Fmedia&parent=6521"}],"wp:term":[{"taxonomy":"category","embeddable":true,"href":"https:\/\/www.interaccionnoticias.com.mx\/index.php?rest_route=%2Fwp%2Fv2%2Fcategories&post=6521"},{"taxonomy":"post_tag","embeddable":true,"href":"https:\/\/www.interaccionnoticias.com.mx\/index.php?rest_route=%2Fwp%2Fv2%2Ftags&post=6521"}],"curies":[{"name":"wp","href":"https:\/\/api.w.org\/{rel}","templated":true}]}}