{"id":65051,"date":"2023-07-20T21:46:54","date_gmt":"2023-07-21T02:46:54","guid":{"rendered":"https:\/\/interaccionnoticias.com.mx\/?p=65051"},"modified":"2023-07-20T21:46:56","modified_gmt":"2023-07-21T02:46:56","slug":"se-registra-el-fallecimiento-de-dos-personas-por-dengue-en-guerrero","status":"publish","type":"post","link":"https:\/\/www.interaccionnoticias.com.mx\/?p=65051","title":{"rendered":"Se registra el fallecimiento de dos personas por dengue en Guerrero"},"content":{"rendered":"\n<p><strong>Rosario Garc\u00eda Orozco<\/strong><\/p>\n\n\n\n<p><strong>Chilpancingo, Gro., 20 de julio del 2023.-<\/strong> La Secretar\u00eda de Salud alert\u00f3 sobre un incremento en el registro de casos de dengue,\u00a0con dos fallecimientos y un total de 287 enfermos, por lo que el 2023 podr\u00eda tratarse de un a\u00f1o epid\u00e9mico.<\/p>\n\n\n\n<p>A trav\u00e9s de un comunicado de prensa, la secretaria de Salud estatal, Aid\u00e9 Ibarez Castro, inform\u00f3 que se han reportado 287 casos positivos de dengue, de los cuales, 108 corresponden a la Jurisdicci\u00f3n Sanitaria de Acapulco, 65 de la Costa Chica, 57 de zona Centro, 27 en regi\u00f3n Norte, 23 en la Monta\u00f1a, 4 en la Costa Grande y 3 en Tierra Caliente.<\/p>\n\n\n\n<p>Por esa rsz\u00f3n, la funcionaria estatal llam\u00f3 a la poblaci\u00f3n a entensificar las medidas de prevenci\u00f3n desde el hogar para evitar el aumento de casos de dengue ante la actual temporada de lluvias<\/p>\n\n\n\n<p>Precis\u00f3 que de los 287 casos registrados en el estado, 70 por ciento no corresponden a casos graves, sin embargo, el 30 por ciento s\u00ed se registran como graves, y ya se registraron dos fallecimientos por dengue.<\/p>\n\n\n\n<p>La funcionaria estatal pidi\u00f3 a la poblaci\u00f3n buscar atenci\u00f3n m\u00e9dica de manera urgente ante los primeros s\u00edntomas y evitar automedicarse a fin de no complicar el estado de salud.<\/p>\n\n\n\n<p>Tambi\u00e9n di\u00f3 a conocer que a trav\u00e9s de la Direcci\u00f3n de Epidemiolog\u00eda y Medicina Preventiva, contin\u00faa con las acciones permanentes para la disminuci\u00f3n de la proliferaci\u00f3n del mosquito Aedes Aegypti, transmisor del dengue, por presencia de lluvias en el estado.<\/p>\n","protected":false},"excerpt":{"rendered":"<p>Rosario Garc\u00eda Orozco Chilpancingo, Gro., 20 de julio del 2023.- La Secretar\u00eda de Salud alert\u00f3 sobre un incremento en el registro de casos de dengue,\u00a0con dos fallecimientos y un total&hellip; <\/p>\n","protected":false},"author":14,"featured_media":65052,"comment_status":"open","ping_status":"open","sticky":false,"template":"","format":"standard","meta":{"fifu_image_url":"","fifu_image_alt":"","footnotes":""},"categories":[26],"tags":[],"class_list":["post-65051","post","type-post","status-publish","format-standard","has-post-thumbnail","hentry","category-salud"],"_links":{"self":[{"href":"https:\/\/www.interaccionnoticias.com.mx\/index.php?rest_route=\/wp\/v2\/posts\/65051","targetHints":{"allow":["GET"]}}],"collection":[{"href":"https:\/\/www.interaccionnoticias.com.mx\/index.php?rest_route=\/wp\/v2\/posts"}],"about":[{"href":"https:\/\/www.interaccionnoticias.com.mx\/index.php?rest_route=\/wp\/v2\/types\/post"}],"author":[{"embeddable":true,"href":"https:\/\/www.interaccionnoticias.com.mx\/index.php?rest_route=\/wp\/v2\/users\/14"}],"replies":[{"embeddable":true,"href":"https:\/\/www.interaccionnoticias.com.mx\/index.php?rest_route=%2Fwp%2Fv2%2Fcomments&post=65051"}],"version-history":[{"count":1,"href":"https:\/\/www.interaccionnoticias.com.mx\/index.php?rest_route=\/wp\/v2\/posts\/65051\/revisions"}],"predecessor-version":[{"id":65053,"href":"https:\/\/www.interaccionnoticias.com.mx\/index.php?rest_route=\/wp\/v2\/posts\/65051\/revisions\/65053"}],"wp:featuredmedia":[{"embeddable":true,"href":"https:\/\/www.interaccionnoticias.com.mx\/index.php?rest_route=\/wp\/v2\/media\/65052"}],"wp:attachment":[{"href":"https:\/\/www.interaccionnoticias.com.mx\/index.php?rest_route=%2Fwp%2Fv2%2Fmedia&parent=65051"}],"wp:term":[{"taxonomy":"category","embeddable":true,"href":"https:\/\/www.interaccionnoticias.com.mx\/index.php?rest_route=%2Fwp%2Fv2%2Fcategories&post=65051"},{"taxonomy":"post_tag","embeddable":true,"href":"https:\/\/www.interaccionnoticias.com.mx\/index.php?rest_route=%2Fwp%2Fv2%2Ftags&post=65051"}],"curies":[{"name":"wp","href":"https:\/\/api.w.org\/{rel}","templated":true}]}}