{"id":65048,"date":"2023-07-20T21:40:10","date_gmt":"2023-07-21T02:40:10","guid":{"rendered":"https:\/\/interaccionnoticias.com.mx\/?p=65048"},"modified":"2023-07-20T21:40:13","modified_gmt":"2023-07-21T02:40:13","slug":"no-es-el-primer-secuestro-de-pescadores-senalan-habitantes-de-mezcala","status":"publish","type":"post","link":"https:\/\/www.interaccionnoticias.com.mx\/?p=65048","title":{"rendered":"No es el primer secuestro de pescadores, se\u00f1alan habitantes de Mezcala"},"content":{"rendered":"\n<p><strong><em>&#8212; \u201cEn Balsas agarraron a dos pero a los cuatro d\u00edas los soltaron\u201d, se\u00f1ala Emilio Cabrera Hern\u00e1ndez, abuelo y padre de dos de los desaparecidos<\/em><\/strong><\/p>\n\n\n\n<p><strong>Jes\u00fas Dorantes<\/strong><\/p>\n\n\n\n<p><strong>Chilpancingo, Gro.- <\/strong>Familiares de \u00c1ngel Cabrera \u00c1valos pescador desaparecido desde el 16 de julio, confirmaron que el del domingo 16 de julio no es el primero secuestro que sufren quienes se dedican a dicha actividad, pero no se\u00f1alaron quienes son los perpetradores.<\/p>\n\n\n\n<p>El abuelo de \u00c1ngel Esauly Cabrera Garc\u00eda, joven de 16 a\u00f1os de edad, quien fue liberado el mi\u00e9rcoles 19 de julio en la carretera Iguala \u2013 Mezcala, as\u00ed como padre del a\u00fan desaparecido \u00c1ngel Cabrera \u00c1valos, confirm\u00f3 que este no es el primer caso de privaci\u00f3n de la libertad que se ha registrado en la zona.<\/p>\n\n\n\n<p>Destac\u00f3 que gente de Balsas les confirmaron que ya hab\u00edan levantado a dos personas en esa zona, pero que a los cuatro d\u00edas fueron liberados.<\/p>\n\n\n\n<p>En consecuencia, tienen la esperanza de volver a ver a su familiar desaparecido, pero adem\u00e1s, que tambi\u00e9n Juan Carlos Catal\u00e1n Silva y Guadalupe Bautista Astudillo regresen a sus hogares.<\/p>\n\n\n\n<p>Durante la semana que est\u00e1 por culminar, el se\u00f1or Cabrera Hern\u00e1ndez refiri\u00f3 que los integrantes de las tres familias sufren desmayos, adem\u00e1s de que en casos como el de su esposa sufre de diabetes, la cual se ha complicado desde que supo de la desaparici\u00f3n de su hijo y nieto.<\/p>\n\n\n\n<p>Debido a la presencia del Ej\u00e9rcito Mexicano, la Guardia Nacional (GN), Fiscal\u00eda General del Estado (FGE), la Polic\u00eda Estatal y medios de comunicaci\u00f3n, los familiares de los pescadores aseguran que se ha generado una gran cantidad de presi\u00f3n sobre los captores, por lo que tiene que fe en que eso facilitar\u00e1 la liberaci\u00f3n de los restantes.<\/p>\n","protected":false},"excerpt":{"rendered":"<p>&#8212; \u201cEn Balsas agarraron a dos pero a los cuatro d\u00edas los soltaron\u201d, se\u00f1ala Emilio Cabrera Hern\u00e1ndez, abuelo y padre de dos de los desaparecidos Jes\u00fas Dorantes Chilpancingo, Gro.- Familiares&hellip; <\/p>\n","protected":false},"author":8,"featured_media":65049,"comment_status":"open","ping_status":"open","sticky":false,"template":"","format":"standard","meta":{"fifu_image_url":"","fifu_image_alt":"","footnotes":""},"categories":[29],"tags":[],"class_list":["post-65048","post","type-post","status-publish","format-standard","has-post-thumbnail","hentry","category-sociedad"],"_links":{"self":[{"href":"https:\/\/www.interaccionnoticias.com.mx\/index.php?rest_route=\/wp\/v2\/posts\/65048","targetHints":{"allow":["GET"]}}],"collection":[{"href":"https:\/\/www.interaccionnoticias.com.mx\/index.php?rest_route=\/wp\/v2\/posts"}],"about":[{"href":"https:\/\/www.interaccionnoticias.com.mx\/index.php?rest_route=\/wp\/v2\/types\/post"}],"author":[{"embeddable":true,"href":"https:\/\/www.interaccionnoticias.com.mx\/index.php?rest_route=\/wp\/v2\/users\/8"}],"replies":[{"embeddable":true,"href":"https:\/\/www.interaccionnoticias.com.mx\/index.php?rest_route=%2Fwp%2Fv2%2Fcomments&post=65048"}],"version-history":[{"count":1,"href":"https:\/\/www.interaccionnoticias.com.mx\/index.php?rest_route=\/wp\/v2\/posts\/65048\/revisions"}],"predecessor-version":[{"id":65050,"href":"https:\/\/www.interaccionnoticias.com.mx\/index.php?rest_route=\/wp\/v2\/posts\/65048\/revisions\/65050"}],"wp:featuredmedia":[{"embeddable":true,"href":"https:\/\/www.interaccionnoticias.com.mx\/index.php?rest_route=\/wp\/v2\/media\/65049"}],"wp:attachment":[{"href":"https:\/\/www.interaccionnoticias.com.mx\/index.php?rest_route=%2Fwp%2Fv2%2Fmedia&parent=65048"}],"wp:term":[{"taxonomy":"category","embeddable":true,"href":"https:\/\/www.interaccionnoticias.com.mx\/index.php?rest_route=%2Fwp%2Fv2%2Fcategories&post=65048"},{"taxonomy":"post_tag","embeddable":true,"href":"https:\/\/www.interaccionnoticias.com.mx\/index.php?rest_route=%2Fwp%2Fv2%2Ftags&post=65048"}],"curies":[{"name":"wp","href":"https:\/\/api.w.org\/{rel}","templated":true}]}}