{"id":64968,"date":"2023-07-19T21:00:32","date_gmt":"2023-07-20T02:00:32","guid":{"rendered":"https:\/\/interaccionnoticias.com.mx\/?p=64968"},"modified":"2023-07-19T21:00:35","modified_gmt":"2023-07-20T02:00:35","slug":"tras-un-mes-de-incertidumbre-nombra-el-congreso-de-guerrero-a-la-presidenta-de-su-mesa-directiva","status":"publish","type":"post","link":"https:\/\/www.interaccionnoticias.com.mx\/?p=64968","title":{"rendered":"Tras un mes de incertidumbre, nombra el Congreso de Guerrero a la presidenta de su Mesa Directiva"},"content":{"rendered":"\n<p><strong><em>&#8212; Es Leticia Mosso Hern\u00e1ndez, del PT<br>&#8212; Joqu\u00edn Badillo regresar\u00e1 a MORENA, de acuerdo con lo comentado el viernes 14 de julio, en una reuni\u00f3n cerrada del grupo parlamentario<\/em><\/strong><\/p>\n\n\n\n<p><strong>Rogelio Agust\u00edn<\/strong><\/p>\n\n\n\n<p>Tras un mes de indefinici\u00f3n, el Congreso de Guerrero aprob\u00f3 la integraci\u00f3n de la Mesa Directiva que conducir\u00e1 los trabajos durante el tercer a\u00f1o de ejercicio constitucional, misma que estar\u00e1 presidida por la diputada del PT Leticia Mosso Hern\u00e1ndez.<\/p>\n\n\n\n<p>La madrugada del jueves 15 de junio, el pleno fue escenario de una intensa discusi\u00f3n entre los grupos parlamentarios del PRI, PRD y PAN frente a la bancada mayoritaria de MORENA.<\/p>\n\n\n\n<p>La confrontaci\u00f3n deriv\u00f3 de la pretensi\u00f3n de convertir al presidente de la Comisi\u00f3n de Seguridad P\u00fablica, Joaqu\u00edn Badillo Escamilla en presidente de la Mesa, para ello, el tambi\u00e9n aspirante a la alcald\u00eda de Acapulco se hab\u00eda desprendido del grupo parlamentario de MORENA y se hab\u00eda incorporado a la representaci\u00f3n del PVEM.<\/p>\n\n\n\n<p>Dicha maniobra fue necesaria, porque la Ley Org\u00e1nica establece que un mismo partido no puede presidir la Junta de Coordinaci\u00f3n Pol\u00edtica (JUCOPO) y la Mesa Directiva al mismo tiempo.<\/p>\n\n\n\n<p>Sin embargo, los diputados del PRI, PRD y PAN calificaron la estrategia como un enga\u00f1o, una estrategia que ten\u00eda la intenci\u00f3n de asumir el control absoluto del Congreso por parte de MORENA, lo que generaba adem\u00e1s un rompimiento con lo establecido en la ley.<\/p>\n\n\n\n<p>Consumar dicha imposici\u00f3n, dijeron que pon\u00eda en riesgo los acuerdos alcanzados desde principio de 2023, lo que en su momento permiti\u00f3 sacar adelante asuntos que se encontraban detenidos, entre ellos el nombramiento de titular en la Auditor\u00eda Superior del Estado (ASE) y de varios \u00f3rganos aut\u00f3nomos.<\/p>\n\n\n\n<p>Esa sesi\u00f3n, el priista Esteban Albarr\u00e1n Mendoza, Julieta Fern\u00e1ndez y Jennyfer Garc\u00eda Lucena solicitaron que se les borrara de la planilla en que Joaqu\u00edn Badillo aparec\u00eda como presidente.<\/p>\n\n\n\n<p>Dicha solicitud provoc\u00f3 que se propusiera al pleno una planilla integrada solo por diputados de MORENA, lo que al momento de votarse registr\u00f3 20 votos a favor y 22 en contra, por lo que no alcanz\u00f3 la mayor\u00eda de votos.<\/p>\n\n\n\n<p>Ante dicho resultado, el priista H\u00e9ctor Apreza Patr\u00f3n propuso reprogramar la sesi\u00f3n para definir el asunto hasta el 19 de julio, para permitir que se generara una propuesta de consenso.<\/p>\n\n\n\n<p><strong>Del acuerdo<\/strong><\/p>\n\n\n\n<p>El viernes 14 de julio, en las instalaciones del Congreso local, 19 diputados de MORENA se reunieron en privado para analizar varios temas, entre ellos el de la integraci\u00f3n de la Mesa Directiva.<\/p>\n\n\n\n<p>Entre los primeros acuerdos pactados se encontr\u00f3 el hecho de no insistir en llevar a Joaqu\u00edn Badillo como presidente de la planilla que se pondr\u00eda a consideraci\u00f3n.<\/p>\n\n\n\n<p>Entonces, se consider\u00f3 inminente el regreso de Badillo Escamilla a la bancada de MORENA.<\/p>\n\n\n\n<p><strong>El consenso se alcanz\u00f3 con Leticia Mosoo, del PT<\/strong><\/p>\n\n\n\n<p>En la propuesta que se puso a consideraci\u00f3n del pleno, la tarde del mi\u00e9rcoles 19 de julio, la propuesta para Presidenta recay\u00f3 en la diputada del PT Leticia Mosso Hern\u00e1ndez; como primer Vicepresidente apareci\u00f3 Esteban Albarr\u00e1n Mendoza, del PRI y la segunda Vicepresidencia estuvo reservada para Susana Paola Ju\u00e1rez G\u00f3mez, del PRD.<\/p>\n\n\n\n<p>Como secretarios propietarios se propusieron al morenista Andr\u00e9s Guevara C\u00e1rdenas de MORENA y la perredista Patricia Doroteo Calder\u00f3n, en tanto que como secretarios suplentes figuraron Marben de la Cruz Santiago, de MORENA y Gabriela Bernal Res\u00e9ndiz del PRI.<br>La planilla recibi\u00f3 33 a favor, 4 en contra y una abstenci\u00f3n.<\/p>\n\n\n\n<p>La nueva Mesa Directiva entrar\u00e1 en funciones el pr\u00f3ximo 1 de septiembre y estar\u00e1 al frente durante el tercer y \u00faltimo a\u00f1o de ejercicio constitucional de la 63 Legislatura.<\/p>\n","protected":false},"excerpt":{"rendered":"<p>&#8212; Es Leticia Mosso Hern\u00e1ndez, del PT&#8212; Joqu\u00edn Badillo regresar\u00e1 a MORENA, de acuerdo con lo comentado el viernes 14 de julio, en una reuni\u00f3n cerrada del grupo parlamentario Rogelio&hellip; <\/p>\n","protected":false},"author":21,"featured_media":64969,"comment_status":"open","ping_status":"open","sticky":false,"template":"","format":"standard","meta":{"fifu_image_url":"","fifu_image_alt":"","footnotes":""},"categories":[2],"tags":[],"class_list":["post-64968","post","type-post","status-publish","format-standard","has-post-thumbnail","hentry","category-congreso"],"_links":{"self":[{"href":"https:\/\/www.interaccionnoticias.com.mx\/index.php?rest_route=\/wp\/v2\/posts\/64968","targetHints":{"allow":["GET"]}}],"collection":[{"href":"https:\/\/www.interaccionnoticias.com.mx\/index.php?rest_route=\/wp\/v2\/posts"}],"about":[{"href":"https:\/\/www.interaccionnoticias.com.mx\/index.php?rest_route=\/wp\/v2\/types\/post"}],"author":[{"embeddable":true,"href":"https:\/\/www.interaccionnoticias.com.mx\/index.php?rest_route=\/wp\/v2\/users\/21"}],"replies":[{"embeddable":true,"href":"https:\/\/www.interaccionnoticias.com.mx\/index.php?rest_route=%2Fwp%2Fv2%2Fcomments&post=64968"}],"version-history":[{"count":1,"href":"https:\/\/www.interaccionnoticias.com.mx\/index.php?rest_route=\/wp\/v2\/posts\/64968\/revisions"}],"predecessor-version":[{"id":64970,"href":"https:\/\/www.interaccionnoticias.com.mx\/index.php?rest_route=\/wp\/v2\/posts\/64968\/revisions\/64970"}],"wp:featuredmedia":[{"embeddable":true,"href":"https:\/\/www.interaccionnoticias.com.mx\/index.php?rest_route=\/wp\/v2\/media\/64969"}],"wp:attachment":[{"href":"https:\/\/www.interaccionnoticias.com.mx\/index.php?rest_route=%2Fwp%2Fv2%2Fmedia&parent=64968"}],"wp:term":[{"taxonomy":"category","embeddable":true,"href":"https:\/\/www.interaccionnoticias.com.mx\/index.php?rest_route=%2Fwp%2Fv2%2Fcategories&post=64968"},{"taxonomy":"post_tag","embeddable":true,"href":"https:\/\/www.interaccionnoticias.com.mx\/index.php?rest_route=%2Fwp%2Fv2%2Ftags&post=64968"}],"curies":[{"name":"wp","href":"https:\/\/api.w.org\/{rel}","templated":true}]}}