{"id":64962,"date":"2023-07-19T19:19:13","date_gmt":"2023-07-20T00:19:13","guid":{"rendered":"https:\/\/interaccionnoticias.com.mx\/?p=64962"},"modified":"2023-07-19T19:19:15","modified_gmt":"2023-07-20T00:19:15","slug":"colapsa-centenario-amate-negro-en-acapulco","status":"publish","type":"post","link":"https:\/\/www.interaccionnoticias.com.mx\/?p=64962","title":{"rendered":"Colapsa centenario amate negro en Acapulco"},"content":{"rendered":"\n<p><em><strong>&#8212; Tambi\u00e9n era conocido como el \u00c1rbol de la Esperanza<br>&#8212; Un colectivo de desaparecidos colocaron fotograf\u00edas<\/strong><\/em><\/p>\n\n\n\n<p><strong>Javier Trujillo<\/strong><\/p>\n\n\n\n<p><strong>Acapulco, Gro. \u2013 <\/strong>Un centenario amate negro ubicado en el z\u00f3calo porte\u00f1o, conocido como el \u00e1rbol de La Esperanza, est\u00e1 madrugada cay\u00f3, sus ra\u00edces colapsaron, no soportaron el peso de sus enormes ramas.<\/p>\n\n\n\n<p>Eran aproximadamente las 05:50 horas, cuando el crujido del centenario amate, rompi\u00f3 el silencio de la madrugada este mi\u00e9rcoles, cay\u00f3 sobre dos locales met\u00e1licos que el gobierno de Acapulco coloc\u00f3 en la plaza p\u00fablica.<\/p>\n\n\n\n<p>El \u00e1rbol, sirvi\u00f3 para que el tres de diciembre del 2022 la Colectiva Memoria, Verdad y Justicia Acapulco, colocara entre sus ramas m\u00e1s de un centenar de fotograf\u00edas de igual n\u00famero de personas desaparecidas.<\/p>\n\n\n\n<p>Ah\u00ed se exhib\u00edan los rostros de hombres y mujeres desaparecidas de los municipios de Acapulco, Iguala, Chilpancingo, Taxco, Ayutla de los Libres. As\u00ed como tambi\u00e9n de estados como Ciudad de M\u00e9xico, Veracruz, Nuevo Le\u00f3n, Monterrey, y Puebla entre otras entidades y ciudades.<\/p>\n\n\n\n<p>\u201cNos puso triste, saber de la ca\u00edda del \u00e1rbol, porque no nos imagin\u00e1bamos que se fuera a caer. Hoy, vamos a estar ah\u00ed. El espacio va seguir siendo de los desaparecidos, nos vamos a organizarnos para que el colectivo siembre otro \u00e1rbol.<\/p>\n\n\n\n<p>\u201cVamos a tomar m\u00e1s espacios, no vamos a desistir en nuestra lucha, vamos a seguir para hace m\u00e1s visibles a nuestros desaparecidos\u201d, expres\u00f3 Socorro Gil Guzm\u00e1n, representante de la Colectiva Memoria, Verdad y Justicia Acapulco.<\/p>\n\n\n\n<p>Dijo que, a 4 a\u00f1os y 7 meses de la desaparici\u00f3n de su hijo Jonathan Guadalupe Romero Gil, ella sigue luchando para encontrar a \u00e9l y otros a los que sus familiares tienen la esperanza de encontrarlos.<\/p>\n\n\n\n<p>Fue m\u00e1s tarde que personal de Bomberos, Protecci\u00f3n Civil y la Direcci\u00f3n de \u00c1reas Verdes, del ayuntamiento porte\u00f1o, acudieron para apoyar en las labores para podar las enormes ramas y retirar el amate.<\/p>\n\n\n\n<p>Tras la ca\u00edda del \u00e1rbol, a dos locales met\u00e1licos se les ocasionaron algunos da\u00f1os, al igual que las luminarias de la Plaza Juan N \u00c1lvarez, cables de energ\u00eda el\u00e9ctrica y conexiones de agua potable sufrieron afectaciones.<\/p>\n\n\n\n<p>En los trabajos para el retiro de los trocos participan unas 60 personas quienes lo hacen a marchas forzadas en la poda del \u00e1rbol, para retirarlo a la brevedad, indic\u00f3, el director de \u00c1reas Verdes Omar Hern\u00e1ndez Ju\u00e1rez.<\/p>\n\n\n\n<p>Detall\u00f3 que el \u00e1rbol ten\u00eda una altura de aproximadamente doce metros y 20 de fronda de sus todas las ramas.<\/p>\n\n\n\n<p>El funcionario municipal, Hern\u00e1ndez Ju\u00e1rez, precis\u00f3 que, al momento de caer el vetusto amate negro, no se encontraba ninguna persona cerca por lo que no se tiene reporte de v\u00edctimas.<\/p>\n\n\n\n<div class=\"wp-block-jetpack-tiled-gallery aligncenter is-style-rectangular\"><div class=\"tiled-gallery__gallery\"><div class=\"tiled-gallery__row\"><div class=\"tiled-gallery__col\" style=\"flex-basis:66.78744%\"><figure class=\"tiled-gallery__item\"><img decoding=\"async\" alt=\"\" data-height=\"750\" data-id=\"64966\" data-link=\"https:\/\/interaccionnoticias.com.mx\/?attachment_id=64966\" data-url=\"https:\/\/interaccionnoticias.com.mx\/wp-content\/uploads\/2023\/07\/230719-centenario-amate-negro-4-1024x683.jpg\" data-width=\"1125\" src=\"https:\/\/i1.wp.com\/www.interaccionnoticias.com.mx\/wp-content\/uploads\/2023\/07\/230719-centenario-amate-negro-4-1024x683.jpg\" data-amp-layout=\"responsive\"\/><\/figure><\/div><div class=\"tiled-gallery__col\" style=\"flex-basis:33.21256%\"><figure class=\"tiled-gallery__item\"><img decoding=\"async\" alt=\"\" data-height=\"750\" data-id=\"64965\" data-link=\"https:\/\/interaccionnoticias.com.mx\/?attachment_id=64965\" data-url=\"https:\/\/interaccionnoticias.com.mx\/wp-content\/uploads\/2023\/07\/230719-centenario-amate-negro-3-1024x683.jpg\" data-width=\"1125\" src=\"https:\/\/i0.wp.com\/www.interaccionnoticias.com.mx\/wp-content\/uploads\/2023\/07\/230719-centenario-amate-negro-3-1024x683.jpg\" data-amp-layout=\"responsive\"\/><\/figure><figure class=\"tiled-gallery__item\"><img decoding=\"async\" alt=\"\" data-height=\"750\" data-id=\"64964\" data-link=\"https:\/\/interaccionnoticias.com.mx\/?attachment_id=64964\" data-url=\"https:\/\/interaccionnoticias.com.mx\/wp-content\/uploads\/2023\/07\/230719-centenario-amate-negro-2-1024x683.jpg\" data-width=\"1125\" src=\"https:\/\/i1.wp.com\/www.interaccionnoticias.com.mx\/wp-content\/uploads\/2023\/07\/230719-centenario-amate-negro-2-1024x683.jpg\" data-amp-layout=\"responsive\"\/><\/figure><\/div><\/div><div class=\"tiled-gallery__row\"><div class=\"tiled-gallery__col\" style=\"flex-basis:100.00000%\"><figure class=\"tiled-gallery__item\"><img decoding=\"async\" alt=\"\" data-height=\"750\" data-id=\"64963\" data-link=\"https:\/\/interaccionnoticias.com.mx\/?attachment_id=64963\" data-url=\"https:\/\/interaccionnoticias.com.mx\/wp-content\/uploads\/2023\/07\/230719-centenario-amate-negro-1-1024x683.jpg\" data-width=\"1125\" src=\"https:\/\/i2.wp.com\/www.interaccionnoticias.com.mx\/wp-content\/uploads\/2023\/07\/230719-centenario-amate-negro-1-1024x683.jpg\" data-amp-layout=\"responsive\"\/><\/figure><\/div><\/div><\/div><\/div>\n","protected":false},"excerpt":{"rendered":"<p>&#8212; Tambi\u00e9n era conocido como el \u00c1rbol de la Esperanza&#8212; Un colectivo de desaparecidos colocaron fotograf\u00edas Javier Trujillo Acapulco, Gro. \u2013 Un centenario amate negro ubicado en el z\u00f3calo porte\u00f1o,&hellip; <\/p>\n","protected":false},"author":3,"featured_media":64966,"comment_status":"open","ping_status":"open","sticky":false,"template":"","format":"standard","meta":{"fifu_image_url":"","fifu_image_alt":"","footnotes":""},"categories":[242],"tags":[],"class_list":["post-64962","post","type-post","status-publish","format-standard","has-post-thumbnail","hentry","category-acapulco"],"_links":{"self":[{"href":"https:\/\/www.interaccionnoticias.com.mx\/index.php?rest_route=\/wp\/v2\/posts\/64962","targetHints":{"allow":["GET"]}}],"collection":[{"href":"https:\/\/www.interaccionnoticias.com.mx\/index.php?rest_route=\/wp\/v2\/posts"}],"about":[{"href":"https:\/\/www.interaccionnoticias.com.mx\/index.php?rest_route=\/wp\/v2\/types\/post"}],"author":[{"embeddable":true,"href":"https:\/\/www.interaccionnoticias.com.mx\/index.php?rest_route=\/wp\/v2\/users\/3"}],"replies":[{"embeddable":true,"href":"https:\/\/www.interaccionnoticias.com.mx\/index.php?rest_route=%2Fwp%2Fv2%2Fcomments&post=64962"}],"version-history":[{"count":1,"href":"https:\/\/www.interaccionnoticias.com.mx\/index.php?rest_route=\/wp\/v2\/posts\/64962\/revisions"}],"predecessor-version":[{"id":64967,"href":"https:\/\/www.interaccionnoticias.com.mx\/index.php?rest_route=\/wp\/v2\/posts\/64962\/revisions\/64967"}],"wp:featuredmedia":[{"embeddable":true,"href":"https:\/\/www.interaccionnoticias.com.mx\/index.php?rest_route=\/wp\/v2\/media\/64966"}],"wp:attachment":[{"href":"https:\/\/www.interaccionnoticias.com.mx\/index.php?rest_route=%2Fwp%2Fv2%2Fmedia&parent=64962"}],"wp:term":[{"taxonomy":"category","embeddable":true,"href":"https:\/\/www.interaccionnoticias.com.mx\/index.php?rest_route=%2Fwp%2Fv2%2Fcategories&post=64962"},{"taxonomy":"post_tag","embeddable":true,"href":"https:\/\/www.interaccionnoticias.com.mx\/index.php?rest_route=%2Fwp%2Fv2%2Ftags&post=64962"}],"curies":[{"name":"wp","href":"https:\/\/api.w.org\/{rel}","templated":true}]}}