{"id":649,"date":"2017-01-12T15:59:23","date_gmt":"2017-01-12T21:59:23","guid":{"rendered":"http:\/\/www.inter-accion.com.mx\/?p=649"},"modified":"2017-01-12T15:59:23","modified_gmt":"2017-01-12T21:59:23","slug":"marchan-en-san-miguel-totolapan-para-reclamar-la-reinstalacion-de-la-paz","status":"publish","type":"post","link":"https:\/\/www.interaccionnoticias.com.mx\/?p=649","title":{"rendered":"Marchan en San Miguel Totolapan para reclamar la reinstalaci\u00f3n de la paz"},"content":{"rendered":"<p>Habitantes de la cabecera municipal de San Miguel Totolapan, en la Tierra Caliente de Guerrero marcharon para manifestarse a favor de la paz y en respaldo a la autodefensa que mantiene a raya a la banda de \u00abLos Tequileros\u00bb.<br \/>\nAntes del mediod\u00eda del jueves, cientos de habitantes de la cabecer municipal de San Miguel salieron a las calles de dicha localidad para reclamar la reinstalaci\u00f3n de la paz en dicha parte de la Tierra Caliente.<br \/>\nRatificaron su petici\u00f3n de que personal del Ejercito Mexicano, Marina Armada y la Polic\u00eda Federal (PF) resguarden las inmediaciones, adem\u00e1s de que de capture y someta a proceso a Raybel Jacobo de Almonte, principal l\u00edder de la banda conocido como \u00abLos Tequileros\u00bb.<br \/>\nLos manifestantes ratificaron su respaldo a la autodefensa que surgi\u00f3 a finales de diciembte de 2016, tras el secuestro del ingeniero Isauro de Paz Duque.<br \/>\nPor esa raz\u00f3n, pidieron que se cumpla la promesa de detener al Tequilero, ya que mientras eso no suceda, en la regi\u00f3n prevalecer\u00e1 el miedo ante el riesgo de m\u00e1s ataques.<\/p>\n","protected":false},"excerpt":{"rendered":"<p>Habitantes de la cabecera municipal de San Miguel Totolapan, en la Tierra Caliente de Guerrero marcharon para manifestarse a favor de la paz y en respaldo a la autodefensa que&hellip; <\/p>\n","protected":false},"author":1,"featured_media":0,"comment_status":"open","ping_status":"open","sticky":false,"template":"","format":"standard","meta":{"fifu_image_url":"","fifu_image_alt":"","footnotes":""},"categories":[15,23],"tags":[],"class_list":["post-649","post","type-post","status-publish","format-standard","hentry","category-movimientos-sociales","category-regionales"],"_links":{"self":[{"href":"https:\/\/www.interaccionnoticias.com.mx\/index.php?rest_route=\/wp\/v2\/posts\/649","targetHints":{"allow":["GET"]}}],"collection":[{"href":"https:\/\/www.interaccionnoticias.com.mx\/index.php?rest_route=\/wp\/v2\/posts"}],"about":[{"href":"https:\/\/www.interaccionnoticias.com.mx\/index.php?rest_route=\/wp\/v2\/types\/post"}],"author":[{"embeddable":true,"href":"https:\/\/www.interaccionnoticias.com.mx\/index.php?rest_route=\/wp\/v2\/users\/1"}],"replies":[{"embeddable":true,"href":"https:\/\/www.interaccionnoticias.com.mx\/index.php?rest_route=%2Fwp%2Fv2%2Fcomments&post=649"}],"version-history":[{"count":0,"href":"https:\/\/www.interaccionnoticias.com.mx\/index.php?rest_route=\/wp\/v2\/posts\/649\/revisions"}],"wp:attachment":[{"href":"https:\/\/www.interaccionnoticias.com.mx\/index.php?rest_route=%2Fwp%2Fv2%2Fmedia&parent=649"}],"wp:term":[{"taxonomy":"category","embeddable":true,"href":"https:\/\/www.interaccionnoticias.com.mx\/index.php?rest_route=%2Fwp%2Fv2%2Fcategories&post=649"},{"taxonomy":"post_tag","embeddable":true,"href":"https:\/\/www.interaccionnoticias.com.mx\/index.php?rest_route=%2Fwp%2Fv2%2Ftags&post=649"}],"curies":[{"name":"wp","href":"https:\/\/api.w.org\/{rel}","templated":true}]}}