{"id":6487,"date":"2017-07-13T20:17:28","date_gmt":"2017-07-14T01:17:28","guid":{"rendered":"http:\/\/www.inter-accion.com.mx\/?p=6487"},"modified":"2017-07-13T20:17:28","modified_gmt":"2017-07-14T01:17:28","slug":"revisan-avance-de-entrega-de-apoyos-agricolas-en-tierra-caliente","status":"publish","type":"post","link":"https:\/\/www.interaccionnoticias.com.mx\/?p=6487","title":{"rendered":"Revisan avance de entrega de apoyos  agr\u00edcolas en Tierra caliente"},"content":{"rendered":"<p>El presidente de la Comisi\u00f3n de Desarrollo Agropecuario y Pesquero de la LXI Legislatura, Isidro Duarte Cabrera y el titular de la Secretar\u00eda de Agricultura, Ganader\u00eda, Pesca y Desarrollo Rural de Guerrero (Sagadegro), Juan Jos\u00e9 Castro Justo, se reunieron para revisa los avances de la entrega de apoyos a los productores agr\u00edcolas de la Tierra Caliente.<br \/>\nDurante el encuentro el legislador y el funcionario estatal analizaron los avances de los programas destinados a los productores m\u00e1s pobres de los nueve municipios calentanos, como son el de capacitaci\u00f3n y asesor\u00eda t\u00e9cnica al campo y el de fertilizante gratuito M\u00e1s Ma\u00edz.<br \/>\nEl legislador calentano consider\u00f3 que para una zona donde el 60 por ciento de sus habitantes padecen pobreza extrema, apoyos como el de asesor\u00eda t\u00e9cnica y M\u00e1s Ma\u00edz contribuyen a garantizar la alimentaci\u00f3n de los pobladores y mejorar su precaria condici\u00f3n de vida.<br \/>\nPor ello dijo, hemos sido escrupulosos en observar que los recursos lleguen a los verdaderos productores y no tengan sesgo partidistas, pues ser\u00eda criminal condicionar a siglas y colores programas que buscan incrementar la disponibilidad de alimentos y acercarlos a un mayor n\u00famero de guerrerenses, coment\u00f3.<br \/>\nDijo que hasta ahora no se han detectado desviaciones en la aplicaci\u00f3n de los programas, sin embargo, estos esfuerzos a\u00fan resultan insuficientes considerando la alta pobreza que se padece en la regi\u00f3n y la necesidad de estimular la producci\u00f3n agr\u00edcola para generar espacios de ocupaci\u00f3n hacia los j\u00f3venes.<br \/>\nSe\u00f1al\u00f3 que la Tierra Caliente requiere de un programa especial de inversi\u00f3n p\u00fablica y privada que detone el desarrollo regional; genere empleos, fomente la sana convivencia, reconstruya el tejido social roto y fortalezca a las instituciones.<\/p>\n","protected":false},"excerpt":{"rendered":"<p>El presidente de la Comisi\u00f3n de Desarrollo Agropecuario y Pesquero de la LXI Legislatura, Isidro Duarte Cabrera y el titular de la Secretar\u00eda de Agricultura, Ganader\u00eda, Pesca y Desarrollo Rural&hellip; <\/p>\n","protected":false},"author":1,"featured_media":0,"comment_status":"closed","ping_status":"closed","sticky":false,"template":"","format":"standard","meta":{"fifu_image_url":"","fifu_image_alt":"","footnotes":""},"categories":[8,11],"tags":[],"class_list":["post-6487","post","type-post","status-publish","format-standard","hentry","category-featured","category-guerrero"],"_links":{"self":[{"href":"https:\/\/www.interaccionnoticias.com.mx\/index.php?rest_route=\/wp\/v2\/posts\/6487","targetHints":{"allow":["GET"]}}],"collection":[{"href":"https:\/\/www.interaccionnoticias.com.mx\/index.php?rest_route=\/wp\/v2\/posts"}],"about":[{"href":"https:\/\/www.interaccionnoticias.com.mx\/index.php?rest_route=\/wp\/v2\/types\/post"}],"author":[{"embeddable":true,"href":"https:\/\/www.interaccionnoticias.com.mx\/index.php?rest_route=\/wp\/v2\/users\/1"}],"replies":[{"embeddable":true,"href":"https:\/\/www.interaccionnoticias.com.mx\/index.php?rest_route=%2Fwp%2Fv2%2Fcomments&post=6487"}],"version-history":[{"count":0,"href":"https:\/\/www.interaccionnoticias.com.mx\/index.php?rest_route=\/wp\/v2\/posts\/6487\/revisions"}],"wp:attachment":[{"href":"https:\/\/www.interaccionnoticias.com.mx\/index.php?rest_route=%2Fwp%2Fv2%2Fmedia&parent=6487"}],"wp:term":[{"taxonomy":"category","embeddable":true,"href":"https:\/\/www.interaccionnoticias.com.mx\/index.php?rest_route=%2Fwp%2Fv2%2Fcategories&post=6487"},{"taxonomy":"post_tag","embeddable":true,"href":"https:\/\/www.interaccionnoticias.com.mx\/index.php?rest_route=%2Fwp%2Fv2%2Ftags&post=6487"}],"curies":[{"name":"wp","href":"https:\/\/api.w.org\/{rel}","templated":true}]}}