{"id":64834,"date":"2023-07-17T16:50:00","date_gmt":"2023-07-17T21:50:00","guid":{"rendered":"https:\/\/interaccionnoticias.com.mx\/?p=64834"},"modified":"2023-07-17T21:03:25","modified_gmt":"2023-07-18T02:03:25","slug":"guerrero-ocupa-el-cuarto-lugar-en-embarazo-de-ninas-consejo-estatal-de-poblacion","status":"publish","type":"post","link":"https:\/\/www.interaccionnoticias.com.mx\/?p=64834","title":{"rendered":"Guerrero ocupa el cuarto lugar en embarazo de ni\u00f1as: Consejo Estatal de Poblaci\u00f3n"},"content":{"rendered":"\n<p><strong><em>&#8212; Las politicas p\u00fablicas deben orientarse tambi\u00e9n a la poblacion adulta mayor que esta creciendo<\/em><\/strong><\/p>\n\n\n\n<p><strong>Rosario Garc\u00eda Orozco<\/strong><\/p>\n\n\n\n<p><strong>Chilpancingo, Gro., 17 de julio del 2023.- <\/strong>El Consejo Estatal de Poblaci\u00f3n, que encabeza \u00c1ngeles Santiago Dionicio, inform\u00f3 que Guerrero ocupa el cuarto lugar en embarazos de ni\u00f1as entre los 10 y 14 a\u00f1os de edad, por lo que que tambi\u00e9n requieren pol\u00edticas p\u00fablica y estrategias que permitan prevenir los embarazos infantiles.<\/p>\n\n\n\n<p>\u00abAdem\u00e1s ocupamos el lugar 13 en embarazos de adolescentes entre los 15 y 19 a\u00f1os, es preocupante porque no queremos ni\u00f1as y madres a la vez, queremos que los j\u00f3venes terminen sus estudios, que no dejen a medias su preparaci\u00f3n acad\u00e9mica\u00bb.<\/p>\n\n\n\n<p>La funcionaria sostuvo que la gobernadora Evelyn Salgado Pineda est\u00e1 comprometida con las guerrerenses en erradicar el embarazo en ni\u00f1as, \u00aby que al t\u00e9rmino de su sexenio se pretende bajar a 50 por ciento el embarazo de ni\u00f1as y adolescentes\u00bb.<\/p>\n\n\n\n<p>-Crece la poblaci\u00f3n adulta mayor, se requieren pol\u00edticas p\u00fablicas para ese sector<\/p>\n\n\n\n<p>Se\u00f1al\u00f3 que hay casi 43 adultos mayores por cada 100 ni\u00f1os y j\u00f3venes.<\/p>\n\n\n\n<p>Por ese hecho se requieren m\u00e1s pol\u00edticas p\u00fablicas enfocadas en ese sector de la poblaci\u00f3n, que est\u00e1 creciendo y requiere atenci\u00f3n, consider\u00f3 la funcionaria estatal.<\/p>\n\n\n\n<p>Refiri\u00f3 que el pasado 11 de julio se celebr\u00f3 el D\u00eda Mundial de la poblaci\u00f3n, fecha que sirvi\u00f3 de marco para recordar que en Guerrero hay 3 millones 540 mil 685 habitantes censados en el 2020, de los cuales 50.6 por ciento son hombres y 49.4 por ciento mujeres.<\/p>\n\n\n\n<p>Agreg\u00f3 que en el pa\u00eds hay 131 millones 230 255 mexicanos, de los cuales el 49.9 por ciento son hombres y el 51.1 por ciento son mujeres.<\/p>\n\n\n\n<p>Mencion\u00f3 que en Guerrero son 1 mill\u00f3n 90 mil 219 ni\u00f1os de 0 a 14 a\u00f1os, y 920 mil 272 adolescentes entre los 15 y 19 a\u00f1os.<\/p>\n\n\n\n<p>Angeles Santiago explic\u00f3 que el Coespo presentar\u00e1 la agenda y plataforma de g\u00e9nero para que los gobiernos municipales y estatales puedan implementar y promover leyes y programas en beneficio de los diferentes rangos de edad, y as\u00ed podr\u00e1n aplicar sus recursos de manera mejor informada.<\/p>\n","protected":false},"excerpt":{"rendered":"<p>&#8212; Las politicas p\u00fablicas deben orientarse tambi\u00e9n a la poblacion adulta mayor que esta creciendo Rosario Garc\u00eda Orozco Chilpancingo, Gro., 17 de julio del 2023.- El Consejo Estatal de Poblaci\u00f3n,&hellip; <\/p>\n","protected":false},"author":14,"featured_media":64835,"comment_status":"open","ping_status":"open","sticky":false,"template":"","format":"standard","meta":{"fifu_image_url":"","fifu_image_alt":"","footnotes":""},"categories":[11],"tags":[],"class_list":["post-64834","post","type-post","status-publish","format-standard","has-post-thumbnail","hentry","category-guerrero"],"_links":{"self":[{"href":"https:\/\/www.interaccionnoticias.com.mx\/index.php?rest_route=\/wp\/v2\/posts\/64834","targetHints":{"allow":["GET"]}}],"collection":[{"href":"https:\/\/www.interaccionnoticias.com.mx\/index.php?rest_route=\/wp\/v2\/posts"}],"about":[{"href":"https:\/\/www.interaccionnoticias.com.mx\/index.php?rest_route=\/wp\/v2\/types\/post"}],"author":[{"embeddable":true,"href":"https:\/\/www.interaccionnoticias.com.mx\/index.php?rest_route=\/wp\/v2\/users\/14"}],"replies":[{"embeddable":true,"href":"https:\/\/www.interaccionnoticias.com.mx\/index.php?rest_route=%2Fwp%2Fv2%2Fcomments&post=64834"}],"version-history":[{"count":1,"href":"https:\/\/www.interaccionnoticias.com.mx\/index.php?rest_route=\/wp\/v2\/posts\/64834\/revisions"}],"predecessor-version":[{"id":64836,"href":"https:\/\/www.interaccionnoticias.com.mx\/index.php?rest_route=\/wp\/v2\/posts\/64834\/revisions\/64836"}],"wp:featuredmedia":[{"embeddable":true,"href":"https:\/\/www.interaccionnoticias.com.mx\/index.php?rest_route=\/wp\/v2\/media\/64835"}],"wp:attachment":[{"href":"https:\/\/www.interaccionnoticias.com.mx\/index.php?rest_route=%2Fwp%2Fv2%2Fmedia&parent=64834"}],"wp:term":[{"taxonomy":"category","embeddable":true,"href":"https:\/\/www.interaccionnoticias.com.mx\/index.php?rest_route=%2Fwp%2Fv2%2Fcategories&post=64834"},{"taxonomy":"post_tag","embeddable":true,"href":"https:\/\/www.interaccionnoticias.com.mx\/index.php?rest_route=%2Fwp%2Fv2%2Ftags&post=64834"}],"curies":[{"name":"wp","href":"https:\/\/api.w.org\/{rel}","templated":true}]}}