{"id":64831,"date":"2023-07-17T16:20:00","date_gmt":"2023-07-17T21:20:00","guid":{"rendered":"https:\/\/interaccionnoticias.com.mx\/?p=64831"},"modified":"2023-07-17T20:55:49","modified_gmt":"2023-07-18T01:55:49","slug":"confirman-que-joaquin-badillo-no-va-como-candidato-a-presidir-la-mesa-directiva-del-congreso","status":"publish","type":"post","link":"https:\/\/www.interaccionnoticias.com.mx\/?p=64831","title":{"rendered":"Confirman que Joaqu\u00edn Badillo no va como candidato a presidir la Mesa Directiva del Congreso"},"content":{"rendered":"\n<p><strong><em>&#8212; Diputados de MORENA analizaron el tema que se desahagar\u00e1 el 19 de julio; ya no habr\u00f1a polarizaci\u00f3n<br>&#8212; La presidenta de la JUCOPO, Yoloczin Dom\u00ednguez aclara que todav\u00eda no hay nombres, pero reitera que se buscar\u00e1 mantener la gobernabilidad<\/em><\/strong><\/p>\n\n\n\n<p><strong>Rogelio Agust\u00edn<\/strong><\/p>\n\n\n\n<p>La presidenta de la Junta de Coordinaci\u00f3n Pol\u00edtica (JUCOPO) del Congreso local, Yoloczin Dom\u00ednguez Serna confirm\u00f3 que su grupo parlamentario, MORENA y alidos del PT y PVEM ya no postular\u00e1n al diputado Joaqu\u00edn Badillo Escamilla como presidente de la Mesa Directiva para el tercer y \u00faltimo a\u00f1o de ejercicio de la 63 Legislatura.<\/p>\n\n\n\n<p>El pr\u00f3ximo mi\u00e9rcoles 19 de julio, el pleno del Congreso de Guerrero est\u00e1 convocado para finiquitar un asunto que qued\u00f3 en suspenso desde la noche del 15 de junio.<\/p>\n\n\n\n<p>Dicho asunto es la elecci\u00f3n de la Mesa Directiva que habr\u00e1 de conducir los trabajos de la 63 Legislatura en su tercer a\u00f1o de ejercicio constitucional.<\/p>\n\n\n\n<p>El tema se encuentra en suspenso, luego de que el pleno rechazara una planilla encabezada por el presidente de la comisi\u00f3n ordinaria de Seguridad P\u00fablica, Joaqu\u00edn Badillo.<\/p>\n\n\n\n<p>La oposici\u00f3n integrada por el PRI, PRD y PAN, rechaz\u00f3 la planilla encabezada por Badillo Escamilla bajo el argumento de que al aprobar dicha propuesta, MORENA estar\u00eda qued\u00e1ndose al frente de la JUCOPO y de la Mesa Directiva, situaci\u00f3n que no permite la Ley Org\u00e1nica.<\/p>\n\n\n\n<p>Para poder postularse, Badillo se hab\u00eda separado del grupo parlamentario de MORENA y se incorpor\u00f3 a la representaci\u00f3n del PVEM, lo que el bloque opositor calific\u00f3 como un enga\u00f1o que perfilaba una ilegalidad.<\/p>\n\n\n\n<p>Al someterse a consideraci\u00f3n del pleno, la planilla obtuvo 20 votos a favor y 22 en contra, por lo que la decisi\u00f3n se reprogram\u00f3 para el d\u00eda 19 de julio, el pr\u00f3ximo mi\u00e9rcoles.<\/p>\n\n\n\n<p>La ma\u00f1ana del lunes 17, dos d\u00edas antes de la sesi\u00f3n de pleno, la tambi\u00e9n coordinadora parlamentaria de MORENA record\u00f3 que desde que asumi\u00f3 la presidencia de la JUCOPO, ha cuidado mantener la gobernabilidad y la estabilidad con base al dialogo.<\/p>\n\n\n\n<p>Por esa raz\u00f3n, manifest\u00f3 que se encuentra interesada en no cambiar la situacion de gobernabilidad que prevalece al seno del Congreso, lo que pasa por \u201cno tratar de lacerar a nadie\u201d.<\/p>\n\n\n\n<p>\u201cTenemos muy claro que de lo que se trata es de mantener la estabilidad y la gobernablidad, lo que se pretende es que no suceda lo que sucedi\u00f3 ese dia 15 (de junio), en donde lamentablemente no se gener\u00f3 el consenso como tal\u201d, anot\u00f3.<\/p>\n\n\n\n<p>Para esta ocasi\u00f3n, dijo que resulta importante dejar en claro que lo que se pretende es mantenere la armon\u00eda, que a permitido al Congreso avanzar en casos que resultaron muy importantes para el desarrollo de la vida parlamentaria.<\/p>\n\n\n\n<p>Confirm\u00f3 que en la prolongada reuni\u00f3n del viernes 14 de julio, se plante\u00f3 a los 19 integrantes del grupo parlamentario que acudieron, ir a una sesi\u00f3n en la que ya no se viva la polarizaci\u00f3n del 15 de julio, lo que fue recibido en positivo por sus compa\u00f1eros.<\/p>\n\n\n\n<p>Lo que s\u00ed puntualiz\u00f3, es que hasta el momento no se maneja el nombre de quien podr\u00eda ser propuesto como cabeza de planilla.<\/p>\n","protected":false},"excerpt":{"rendered":"<p>&#8212; Diputados de MORENA analizaron el tema que se desahagar\u00e1 el 19 de julio; ya no habr\u00f1a polarizaci\u00f3n&#8212; La presidenta de la JUCOPO, Yoloczin Dom\u00ednguez aclara que todav\u00eda no hay&hellip; <\/p>\n","protected":false},"author":21,"featured_media":64832,"comment_status":"open","ping_status":"open","sticky":false,"template":"","format":"standard","meta":{"fifu_image_url":"","fifu_image_alt":"","footnotes":""},"categories":[2],"tags":[],"class_list":["post-64831","post","type-post","status-publish","format-standard","has-post-thumbnail","hentry","category-congreso"],"_links":{"self":[{"href":"https:\/\/www.interaccionnoticias.com.mx\/index.php?rest_route=\/wp\/v2\/posts\/64831","targetHints":{"allow":["GET"]}}],"collection":[{"href":"https:\/\/www.interaccionnoticias.com.mx\/index.php?rest_route=\/wp\/v2\/posts"}],"about":[{"href":"https:\/\/www.interaccionnoticias.com.mx\/index.php?rest_route=\/wp\/v2\/types\/post"}],"author":[{"embeddable":true,"href":"https:\/\/www.interaccionnoticias.com.mx\/index.php?rest_route=\/wp\/v2\/users\/21"}],"replies":[{"embeddable":true,"href":"https:\/\/www.interaccionnoticias.com.mx\/index.php?rest_route=%2Fwp%2Fv2%2Fcomments&post=64831"}],"version-history":[{"count":1,"href":"https:\/\/www.interaccionnoticias.com.mx\/index.php?rest_route=\/wp\/v2\/posts\/64831\/revisions"}],"predecessor-version":[{"id":64833,"href":"https:\/\/www.interaccionnoticias.com.mx\/index.php?rest_route=\/wp\/v2\/posts\/64831\/revisions\/64833"}],"wp:featuredmedia":[{"embeddable":true,"href":"https:\/\/www.interaccionnoticias.com.mx\/index.php?rest_route=\/wp\/v2\/media\/64832"}],"wp:attachment":[{"href":"https:\/\/www.interaccionnoticias.com.mx\/index.php?rest_route=%2Fwp%2Fv2%2Fmedia&parent=64831"}],"wp:term":[{"taxonomy":"category","embeddable":true,"href":"https:\/\/www.interaccionnoticias.com.mx\/index.php?rest_route=%2Fwp%2Fv2%2Fcategories&post=64831"},{"taxonomy":"post_tag","embeddable":true,"href":"https:\/\/www.interaccionnoticias.com.mx\/index.php?rest_route=%2Fwp%2Fv2%2Ftags&post=64831"}],"curies":[{"name":"wp","href":"https:\/\/api.w.org\/{rel}","templated":true}]}}