{"id":64820,"date":"2023-07-17T20:24:35","date_gmt":"2023-07-18T01:24:35","guid":{"rendered":"https:\/\/interaccionnoticias.com.mx\/?p=64820"},"modified":"2023-07-17T20:33:23","modified_gmt":"2023-07-18T01:33:23","slug":"dan-ultimo-adios-a-ulises-nava-director-de-la-diversidad-sexual-en-la-uagro","status":"publish","type":"post","link":"https:\/\/www.interaccionnoticias.com.mx\/?p=64820","title":{"rendered":"Dan \u00faltimo adi\u00f3s a Ulises Nava, director de la Diversidad Sexual en la UAGro"},"content":{"rendered":"\n<p><em><strong>&#8212; Fue asesinado en Aguas Calientes<\/strong><\/em><\/p>\n\n\n\n<p><strong>SNI<\/strong><\/p>\n\n\n\n<p><strong>Acapulco, Gro.\u2013<\/strong> Ulises Salvador Nava Ju\u00e1rez, titular de la Diversidad Sexual de la Universidad Aut\u00f3noma de Guerrero, fue asesinado en el estado de Aguascalientes, y este lunes fue despedido entre gritos de justicia.<\/p>\n\n\n\n<p>El rector electo Javier Salda\u00f1a, cont\u00f3 las vivencias que tuvo con Ulises Nava, quien siempre luch\u00f3 por los derechos de la comunidad gay y pidi\u00f3 a todos sus compa\u00f1eros seguir su legado para hacer una universidad m\u00e1s inclusiva.<\/p>\n\n\n\n<p>El acto de cuerpo presente se llev\u00f3 a cabo en las instalaciones de la Zona Sur de la m\u00e1xima casa de estudios del estado, donde los asistentes le brindaron el \u00faltimo pase de lista en la que fue su universidad.<\/p>\n\n\n\n<p>En el acto p\u00f3stumo, el rector electo de la UAGro, Javier Salda\u00f1a Almaz\u00e1n dio a conocer a trav\u00e9s de las redes sociales que Ulises Nava fue privado de la vida al salir de un Congreso Nacional Arco\u00edris LGBT.<\/p>\n\n\n\n<p>Fue poco antes de las 09:00 horas que lleg\u00f3 el cad\u00e1ver del trabajador universitario en la carroza que lo llevar\u00eda a la funerales Gayosso, donde ser\u00e1 velado, pero antes hizo una parada en la Zona Sur.<\/p>\n\n\n\n<p>Ah\u00ed estaban familiares, amigos, colaboradores, estudiantes de las diversas facultades de la UAGro, y la comunidad universitaria quienes le dieron el \u00faltimo adi\u00f3s en medio de globos y ataviados de blanco.<\/p>\n\n\n\n<p>El patio principal de la Coordinaci\u00f3n de la Zona Sur de la UAGro, se llev\u00f3 a cabo la despedida de cuerpo presente, ah\u00ed estuvieron el rector de la universidad, Jos\u00e9 Alfredo Romero Olea y el rector electo Salda\u00f1a Almaz\u00e1n, ambos montaron una guardia de honor en memoria de Ulises Salvador Nava.<\/p>\n\n\n\n<p>Se hizo una breve semblanza de los logros del maestro Ulises Nava, tanto dentro de la m\u00e1xima casa de estudios.<\/p>\n\n\n\n<p>Entre los que destacaron la creaci\u00f3n de la Direcci\u00f3n de la Diversidad Sexual, de la que era director, la inclusi\u00f3n de ba\u00f1os para la comunidad y t\u00edtulos con identidad de g\u00e9nero, entre otros.<\/p>\n\n\n\n<p>\u201cHagamos cada quien nuestra parte para recuperar nuestra condici\u00f3n de paz, trabajemos y luchemos por la paz, la comunidad universitaria puede hacer un gran trabajo por la paz\u201d, dijo el sacerdote Salvador Cisneros.<\/p>\n\n\n\n<div class=\"wp-block-jetpack-tiled-gallery aligncenter is-style-rectangular\"><div class=\"tiled-gallery__gallery\"><div class=\"tiled-gallery__row\"><div class=\"tiled-gallery__col\" style=\"flex-basis:50.00000%\"><figure class=\"tiled-gallery__item\"><img decoding=\"async\" alt=\"\" data-height=\"750\" data-id=\"64822\" data-link=\"https:\/\/interaccionnoticias.com.mx\/?attachment_id=64822\" data-url=\"https:\/\/interaccionnoticias.com.mx\/wp-content\/uploads\/2023\/07\/230717-Ulises-Salvador-Nava-2-1024x683.jpg\" data-width=\"1125\" src=\"https:\/\/i1.wp.com\/www.interaccionnoticias.com.mx\/wp-content\/uploads\/2023\/07\/230717-Ulises-Salvador-Nava-2-1024x683.jpg\" data-amp-layout=\"responsive\"\/><\/figure><\/div><div class=\"tiled-gallery__col\" style=\"flex-basis:50.00000%\"><figure class=\"tiled-gallery__item\"><img decoding=\"async\" alt=\"\" data-height=\"750\" data-id=\"64821\" data-link=\"https:\/\/interaccionnoticias.com.mx\/?attachment_id=64821\" data-url=\"https:\/\/interaccionnoticias.com.mx\/wp-content\/uploads\/2023\/07\/230717-Ulises-Salvador-Nava-1-1024x683.jpg\" data-width=\"1125\" src=\"https:\/\/i2.wp.com\/www.interaccionnoticias.com.mx\/wp-content\/uploads\/2023\/07\/230717-Ulises-Salvador-Nava-1-1024x683.jpg\" data-amp-layout=\"responsive\"\/><\/figure><\/div><\/div><\/div><\/div>\n","protected":false},"excerpt":{"rendered":"<p>&#8212; Fue asesinado en Aguas Calientes SNI Acapulco, Gro.\u2013 Ulises Salvador Nava Ju\u00e1rez, titular de la Diversidad Sexual de la Universidad Aut\u00f3noma de Guerrero, fue asesinado en el estado de&hellip; <\/p>\n","protected":false},"author":4,"featured_media":64821,"comment_status":"open","ping_status":"open","sticky":false,"template":"","format":"standard","meta":{"fifu_image_url":"","fifu_image_alt":"","footnotes":""},"categories":[30],"tags":[],"class_list":["post-64820","post","type-post","status-publish","format-standard","has-post-thumbnail","hentry","category-universidad"],"_links":{"self":[{"href":"https:\/\/www.interaccionnoticias.com.mx\/index.php?rest_route=\/wp\/v2\/posts\/64820","targetHints":{"allow":["GET"]}}],"collection":[{"href":"https:\/\/www.interaccionnoticias.com.mx\/index.php?rest_route=\/wp\/v2\/posts"}],"about":[{"href":"https:\/\/www.interaccionnoticias.com.mx\/index.php?rest_route=\/wp\/v2\/types\/post"}],"author":[{"embeddable":true,"href":"https:\/\/www.interaccionnoticias.com.mx\/index.php?rest_route=\/wp\/v2\/users\/4"}],"replies":[{"embeddable":true,"href":"https:\/\/www.interaccionnoticias.com.mx\/index.php?rest_route=%2Fwp%2Fv2%2Fcomments&post=64820"}],"version-history":[{"count":1,"href":"https:\/\/www.interaccionnoticias.com.mx\/index.php?rest_route=\/wp\/v2\/posts\/64820\/revisions"}],"predecessor-version":[{"id":64823,"href":"https:\/\/www.interaccionnoticias.com.mx\/index.php?rest_route=\/wp\/v2\/posts\/64820\/revisions\/64823"}],"wp:featuredmedia":[{"embeddable":true,"href":"https:\/\/www.interaccionnoticias.com.mx\/index.php?rest_route=\/wp\/v2\/media\/64821"}],"wp:attachment":[{"href":"https:\/\/www.interaccionnoticias.com.mx\/index.php?rest_route=%2Fwp%2Fv2%2Fmedia&parent=64820"}],"wp:term":[{"taxonomy":"category","embeddable":true,"href":"https:\/\/www.interaccionnoticias.com.mx\/index.php?rest_route=%2Fwp%2Fv2%2Fcategories&post=64820"},{"taxonomy":"post_tag","embeddable":true,"href":"https:\/\/www.interaccionnoticias.com.mx\/index.php?rest_route=%2Fwp%2Fv2%2Ftags&post=64820"}],"curies":[{"name":"wp","href":"https:\/\/api.w.org\/{rel}","templated":true}]}}