{"id":64817,"date":"2023-07-17T20:17:50","date_gmt":"2023-07-18T01:17:50","guid":{"rendered":"https:\/\/interaccionnoticias.com.mx\/?p=64817"},"modified":"2023-07-17T20:17:53","modified_gmt":"2023-07-18T01:17:53","slug":"las-personas-con-discapacidad-seran-quienes-decidan-como-quieren-su-educacion-diputada-xitlali-calixto","status":"publish","type":"post","link":"https:\/\/www.interaccionnoticias.com.mx\/?p=64817","title":{"rendered":"Las personas con discapacidad ser\u00e1n quienes decidan como quieren su educaci\u00f3n: diputada Xitlali Calixto"},"content":{"rendered":"\n<p><strong>Rosario Garc\u00eda Orozco<\/strong><\/p>\n\n\n\n<p><strong>Chilpancingo, Gro., 17 de julio del 2023.- <\/strong>Las personas con discapacidad decidir\u00e1n c\u00f3mo quieren su educaci\u00f3n, porque es este grupo de la sociedad quien vive las carencias y problemas que enfrentan diariamente, inform\u00f3 la diputada Gloria Xitlali Calixto Jim\u00e9nez, presidenta de la Comisi\u00f3n de atenci\u00f3n a las personas con discapacidad.<\/p>\n\n\n\n<p>La jornada de este lunes se instal\u00f3 la Mesa de Trabajo a petici\u00f3n de partes de la Consulta a las Personas con Discapacidad en Materia de Educaci\u00f3n Inclusiva.<\/p>\n\n\n\n<p>Al respecto, la legisladora morenista explic\u00f3 que la idea es que en todo el estado se instalen 5 mesas de trabajo presenciales y virtuales, as\u00ed como buzones para que las personas expongan su opini\u00f3n y que \u201cnadie se quede fuera de ser consultado\u201d.<\/p>\n\n\n\n<p>La diputada mencion\u00f3 que se cuenta con mecanismos pensados en que todos puedan participar ya sea de forma presencial o a trav\u00e9s de los medios digitales, lo que consider\u00f3 importante para que las personas participen.<\/p>\n\n\n\n<p>\u201cPara que todo esto se convierta en una Ley de Educaci\u00f3n Inclusiva, pero que surge y nace de las personas con discapacidad\u201d, insisti\u00f3 la legisladora.<\/p>\n\n\n\n<p>Inform\u00f3 que para dicha consulta se han dispuesto de traductores y personal calificado, que asistir\u00e1n a los participantes en las mesas tem\u00e1ticas, para que todas las personas con alguna discapacidad puedan tener un espacio seguro y as\u00ed emitir su opini\u00f3n respeto al tema que es educaci\u00f3n inclusiva.<\/p>\n\n\n\n<p>En cada mesa dijo Calixto Jim\u00e9nez hay un profesional en las diversas discapacidades como discapacidad motriz o auditiva para procesar la informaci\u00f3n que se recabe.<\/p>\n\n\n\n<p>Dijo que se pretende que en dos meses se recabe la informaci\u00f3n para obtener las opiniones de los participantes y despu\u00e9s se sistematice para que posteriormente sea integrado un dictamen, y sea discutido y aprobado por el pleno del Congreso del Estado.<\/p>\n\n\n\n<p>Una vez aprobado el dictamen, dijo la diputada, se tendr\u00e1 el respaldo presupuestal necesario para que se le d\u00e9 un marco jur\u00eddico adecuado y se pueda aplicar sin mayor problema.<\/p>\n","protected":false},"excerpt":{"rendered":"<p>Rosario Garc\u00eda Orozco Chilpancingo, Gro., 17 de julio del 2023.- Las personas con discapacidad decidir\u00e1n c\u00f3mo quieren su educaci\u00f3n, porque es este grupo de la sociedad quien vive las carencias&hellip; <\/p>\n","protected":false},"author":14,"featured_media":64818,"comment_status":"open","ping_status":"open","sticky":false,"template":"","format":"standard","meta":{"fifu_image_url":"","fifu_image_alt":"","footnotes":""},"categories":[2],"tags":[],"class_list":["post-64817","post","type-post","status-publish","format-standard","has-post-thumbnail","hentry","category-congreso"],"_links":{"self":[{"href":"https:\/\/www.interaccionnoticias.com.mx\/index.php?rest_route=\/wp\/v2\/posts\/64817","targetHints":{"allow":["GET"]}}],"collection":[{"href":"https:\/\/www.interaccionnoticias.com.mx\/index.php?rest_route=\/wp\/v2\/posts"}],"about":[{"href":"https:\/\/www.interaccionnoticias.com.mx\/index.php?rest_route=\/wp\/v2\/types\/post"}],"author":[{"embeddable":true,"href":"https:\/\/www.interaccionnoticias.com.mx\/index.php?rest_route=\/wp\/v2\/users\/14"}],"replies":[{"embeddable":true,"href":"https:\/\/www.interaccionnoticias.com.mx\/index.php?rest_route=%2Fwp%2Fv2%2Fcomments&post=64817"}],"version-history":[{"count":1,"href":"https:\/\/www.interaccionnoticias.com.mx\/index.php?rest_route=\/wp\/v2\/posts\/64817\/revisions"}],"predecessor-version":[{"id":64819,"href":"https:\/\/www.interaccionnoticias.com.mx\/index.php?rest_route=\/wp\/v2\/posts\/64817\/revisions\/64819"}],"wp:featuredmedia":[{"embeddable":true,"href":"https:\/\/www.interaccionnoticias.com.mx\/index.php?rest_route=\/wp\/v2\/media\/64818"}],"wp:attachment":[{"href":"https:\/\/www.interaccionnoticias.com.mx\/index.php?rest_route=%2Fwp%2Fv2%2Fmedia&parent=64817"}],"wp:term":[{"taxonomy":"category","embeddable":true,"href":"https:\/\/www.interaccionnoticias.com.mx\/index.php?rest_route=%2Fwp%2Fv2%2Fcategories&post=64817"},{"taxonomy":"post_tag","embeddable":true,"href":"https:\/\/www.interaccionnoticias.com.mx\/index.php?rest_route=%2Fwp%2Fv2%2Ftags&post=64817"}],"curies":[{"name":"wp","href":"https:\/\/api.w.org\/{rel}","templated":true}]}}